{"id":17661,"date":"2012-08-24T03:21:28","date_gmt":"2012-08-24T08:21:28","guid":{"rendered":"http:\/\/akunq.net\/tr\/?p=17661"},"modified":"2012-08-24T03:21:28","modified_gmt":"2012-08-24T08:21:28","slug":"kilisenin-tavanindan-ne-istediniz","status":"publish","type":"post","link":"https:\/\/akunq.net\/tr\/?p=17661","title":{"rendered":"\u201cKilisenin tavan\u0131ndan ne istediniz?\u201d"},"content":{"rendered":"<p style=\"text-align: justify;\" align=\"center\"><strong><em><a href=\"http:\/\/akunq.net\/tr\/?attachment_id=17662\" rel=\"attachment wp-att-17662\"><img loading=\"lazy\" decoding=\"async\" class=\"alignright size-full wp-image-17662\" title=\"Aziz-Dagci\" src=\"http:\/\/akunq.net\/tr\/wp-content\/uploads\/2012\/08\/Aziz-Dagci.jpg\" alt=\"\" width=\"207\" height=\"138\" \/><\/a>Tarihi kilisenin tavan\u0131 tahrip edilince su\u00e7 duyurusunda bulundu.<\/em><\/strong><strong><em> <\/em><\/strong><\/p>\n<p style=\"text-align: justify;\">**Batman\u2019\u0131n Sason il\u00e7esinin Mereto da\u011f\u0131 tepesindeki Surp Asvadazin Meryem ana kilisenin tahrip edilmesi \u00fczerine harekete ge\u00e7en merkezi \u0130stanbul\u2019daki Sason Ermeniler Derne\u011fi Ba\u015fkan\u0131 Aziz Da\u011fc\u0131, Sason Cumhuriyet Savc\u0131l\u0131\u011f\u0131na su\u00e7 duyurusunda bulundu.<\/p>\n<p style=\"text-align: justify;\">** Ba\u015fkan Da\u011fc\u0131; \u201cBir ay \u00f6nce kilisemizin tavan\u0131 sa\u011flamd\u0131. Fakat \u00e7evredeki \u00e7obanlar, tarihi kilise tavan\u0131n\u0131n y\u0131kt\u0131r\u0131ld\u0131\u011f\u0131na dair haber verince bir heyette birlikte kilise de tespit \u00e7al\u0131\u015fmalar\u0131 talebinde bulunduk\u201d dedi.<\/p>\n<p style=\"text-align: justify;\"><strong>SU\u00c7 DUYURUSUNDA BULUNDULAR<\/strong><strong><\/strong><\/p>\n<p style=\"text-align: justify;\">Batman\u2019\u0131n Sason il\u00e7esine ba\u011fl\u0131 Pu\u015feng k\u00f6y\u00fc yak\u0131nlar\u0131ndaki Mereto da\u011f\u0131 zirvesinde Surp Asvadazin kilise tavan\u0131n\u0131n y\u0131kt\u0131r\u0131ld\u0131\u011f\u0131 haberleri merkezi \u0130stanbul\u2019daki Sason Ermeniler Derne\u011fi\u2019ni harekete ge\u00e7irdi. Bitlis, Batman, Mu\u015f, Van, \u0130stanbul ve di\u011fer t\u00fcm iller ve il\u00e7eleri, k\u00f6yleri ve Ermenileri Sason il\u00e7esi k\u00f6yleri Ermenilerin Sosyal Yard\u0131mla\u015fma ve K\u00fclt\u00fcrel Dayan\u0131\u015fma Derne\u011fi Ba\u015fkan\u0131 Aziz Da\u011fc\u0131, Mereto da\u011f\u0131nda bulunan Asvadazin Meryem ana kilisesinin kimli\u011fi belirsiz ki\u015filerce tahrip edildi\u011fini ileri s\u00fcrd\u00fc. Sason Cumhuriyet Savc\u0131l\u0131\u011f\u0131na su\u00e7 duyurusunda bulunan Da\u011fc\u0131, \u015f\u00f6yle konu\u015ftu; \u201cKilisemizin tavan\u0131ndan ne istediler, bilemiyoruz? Bu y\u0131l\u0131n 29 Temmuz\u2019un da kilisenin mukaddes g\u00fcn\u00fc i\u00e7in \u0130stanbul ve \u00e7e\u015fitli illerden gelen Ermeni cemaati taraf\u0131ndan kurbanlar kesildi ve kilisenin g\u00fcn\u00fcn\u00fc kutlad\u0131k. Ayr\u0131ca dini ibadetlerimizi de yerine getirdik. Fakat bir s\u00fcre \u00f6nce Mereto da\u011f\u0131 ve \u00e7evresindeki \u00e7obanlardan ald\u0131\u011f\u0131m\u0131z duyum \u00fczerine kilise tavan\u0131n\u0131n tamamen y\u0131kt\u0131r\u0131ld\u0131\u011f\u0131 bize bildirildi. Birileri, s\u0131rf Ermeni cemaatinin dini ibadetini yerine getirmemesi i\u00e7in bu y\u0131k\u0131ma y\u00f6nelmi\u015ftir\u201d dedi.<\/p>\n<p style=\"text-align: justify;\"><strong>\u201c<\/strong><strong>K\u0130L\u0130SEN\u0130N TAVANI B\u0130R AY \u00d6NCE SA\u011eLAMDI\u201d<\/strong><strong><\/strong><\/p>\n<p style=\"text-align: justify;\">Batman M\u00fcze M\u00fcd\u00fcrl\u00fc\u011f\u00fc yetkilileri ile baz\u0131 Arkeologlar\u0131n da bulundu\u011fu 15 ki\u015filik bir heyetle Mereto da\u011f\u0131 kilisesinde tespitte bulunmak amac\u0131yla incelemelerde bulunduklar\u0131n\u0131 s\u00f6yleyen Ba\u015fkan Da\u011fc\u0131, \u015f\u00f6yle konu\u015ftu; \u201cBu tarihi kilisenin sa\u011flam oldu\u011funa dair foto\u011fraf ve g\u00f6r\u00fcnt\u00fcler elimizde var. Kilise tavan\u0131n\u0131n da sa\u011flam oldu\u011funa dair foto\u011fraflar elimizde duruyor. Meryem ana t\u00fcrbesinin dam\u0131 ve t\u00fcm kilisenin y\u0131k\u0131lan, tahrip edilen yerlerinin Sason Cumhuriyet Savc\u0131l\u0131\u011f\u0131 vas\u0131tas\u0131yla ke\u015fif ve tespitinin yap\u0131lmas\u0131n\u0131 istiyoruz. Kiliseyi tahrip eden ve y\u0131kan ki\u015filerin bir an \u00f6nce ortaya \u00e7\u0131kar\u0131lmas\u0131n\u0131 istiyoruz. Su\u00e7 i\u015fleyen ki\u015filerin tespiti i\u00e7in gerekirse uzaydan Mereto tepesini 29 Temmuz ile 21 A\u011fustos 2012 tarihleri aras\u0131ndaki g\u00fcvenlik kameralar\u0131n\u0131n da incelemeye al\u0131nmas\u0131n\u0131 talep ediyoruz. Ayr\u0131ca \u00f6nemli yap\u0131tlar\u0131m\u0131z\u0131n koruma alt\u0131na al\u0131nmas\u0131n\u0131 bekliyoruz. K\u00fclt\u00fcr-Turizm Bakanl\u0131\u011f\u0131, Diyarbak\u0131r K\u00fclt\u00fcr ve Tabiat Varl\u0131klar\u0131 Koruma B\u00f6lge Kurulu M\u00fcd\u00fcr\u00fc Mehriban Karaaslan\u2019\u0131n da yap\u0131tlara seyirci kald\u0131\u011f\u0131 g\u00fcn gibi ortadad\u0131r.\u201d<\/p>\n<p style=\"text-align: justify;\"><strong><em><a href=\"http:\/\/www.batmancagdas.com\/kilisenin-tavanindan-ne-istediniz.htm\">http:\/\/www.batmancagdas.com\/kilisenin-tavanindan-ne-istediniz.htm<\/a><\/em><\/strong><\/p>\n","protected":false},"excerpt":{"rendered":"<p>Tarihi kilisenin tavan\u0131 tahrip edilince su\u00e7 duyurusunda bulundu. **Batman\u2019\u0131n Sason il\u00e7esinin Mereto da\u011f\u0131 tepesindeki Surp Asvadazin Meryem ana kilisenin tahrip edilmesi \u00fczerine harekete ge\u00e7en merkezi \u0130stanbul\u2019daki Sason Ermeniler Derne\u011fi Ba\u015fkan\u0131 Aziz Da\u011fc\u0131, Sason Cumhuriyet Savc\u0131l\u0131\u011f\u0131na su\u00e7 duyurusunda bulundu. ** Ba\u015fkan Da\u011fc\u0131; \u201cBir ay \u00f6nce kilisemizin tavan\u0131 sa\u011flamd\u0131. Fakat \u00e7evredeki \u00e7obanlar, tarihi kilise tavan\u0131n\u0131n y\u0131kt\u0131r\u0131ld\u0131\u011f\u0131na dair [&hellip;]<\/p>\n","protected":false},"author":7,"featured_media":17662,"comment_status":"open","ping_status":"open","sticky":false,"template":"","format":"standard","meta":{"footnotes":""},"categories":[22,1],"tags":[],"class_list":["post-17661","post","type-post","status-publish","format-standard","has-post-thumbnail","hentry","category-gunumuzde-bati-ermenistan","category-haberler"],"yoast_head":"<!-- This site is optimized with the Yoast SEO plugin v27.4 - https:\/\/yoast.com\/product\/yoast-seo-wordpress\/ -->\n<title>\u201cKilisenin tavan\u0131ndan ne istediniz?\u201d - Bati Ermenistan Ve Bati Ermenileri Sorunlari Ara\u015ftirmalar Merkezi<\/title>\n<meta name=\"robots\" content=\"index, follow, max-snippet:-1, max-image-preview:large, max-video-preview:-1\" \/>\n<link rel=\"canonical\" href=\"https:\/\/akunq.net\/tr\/?p=17661\" \/>\n<meta property=\"og:locale\" content=\"en_US\" \/>\n<meta property=\"og:type\" content=\"article\" \/>\n<meta property=\"og:title\" content=\"\u201cKilisenin tavan\u0131ndan ne istediniz?\u201d - Bati Ermenistan Ve Bati Ermenileri Sorunlari Ara\u015ftirmalar Merkezi\" \/>\n<meta property=\"og:description\" content=\"Tarihi kilisenin tavan\u0131 tahrip edilince su\u00e7 duyurusunda bulundu. **Batman\u2019\u0131n Sason il\u00e7esinin Mereto da\u011f\u0131 tepesindeki Surp Asvadazin Meryem ana kilisenin tahrip edilmesi \u00fczerine harekete ge\u00e7en merkezi \u0130stanbul\u2019daki Sason Ermeniler Derne\u011fi Ba\u015fkan\u0131 Aziz Da\u011fc\u0131, Sason Cumhuriyet Savc\u0131l\u0131\u011f\u0131na su\u00e7 duyurusunda bulundu. ** Ba\u015fkan Da\u011fc\u0131; \u201cBir ay \u00f6nce kilisemizin tavan\u0131 sa\u011flamd\u0131. Fakat \u00e7evredeki \u00e7obanlar, tarihi kilise tavan\u0131n\u0131n y\u0131kt\u0131r\u0131ld\u0131\u011f\u0131na dair [&hellip;]\" \/>\n<meta property=\"og:url\" content=\"https:\/\/akunq.net\/tr\/?p=17661\" \/>\n<meta property=\"og:site_name\" content=\"Bati Ermenistan Ve Bati Ermenileri Sorunlari Ara\u015ftirmalar Merkezi\" \/>\n<meta property=\"article:published_time\" content=\"2012-08-24T08:21:28+00:00\" \/>\n<meta property=\"og:image\" content=\"https:\/\/akunq.net\/tr\/wp-content\/uploads\/sites\/6\/2012\/08\/Aziz-Dagci.jpg\" \/>\n\t<meta property=\"og:image:width\" content=\"207\" \/>\n\t<meta property=\"og:image:height\" content=\"138\" \/>\n\t<meta property=\"og:image:type\" content=\"image\/jpeg\" \/>\n<meta name=\"author\" content=\"admin\" \/>\n<meta name=\"twitter:card\" content=\"summary_large_image\" \/>\n<meta name=\"twitter:label1\" content=\"Written by\" \/>\n\t<meta name=\"twitter:data1\" content=\"admin\" \/>\n\t<meta name=\"twitter:label2\" content=\"Est. reading time\" \/>\n\t<meta name=\"twitter:data2\" content=\"3 minutes\" \/>\n<script type=\"application\/ld+json\" class=\"yoast-schema-graph\">{\"@context\":\"https:\\\/\\\/schema.org\",\"@graph\":[{\"@type\":\"Article\",\"@id\":\"https:\\\/\\\/akunq.net\\\/tr\\\/?p=17661#article\",\"isPartOf\":{\"@id\":\"https:\\\/\\\/akunq.net\\\/tr\\\/?p=17661\"},\"author\":{\"name\":\"admin\",\"@id\":\"https:\\\/\\\/akunq.net\\\/tr\\\/#\\\/schema\\\/person\\\/096f1d38a12cce57fb855b485ed24c9e\"},\"headline\":\"\u201cKilisenin tavan\u0131ndan ne istediniz?\u201d\",\"datePublished\":\"2012-08-24T08:21:28+00:00\",\"mainEntityOfPage\":{\"@id\":\"https:\\\/\\\/akunq.net\\\/tr\\\/?p=17661\"},\"wordCount\":505,\"commentCount\":0,\"image\":{\"@id\":\"https:\\\/\\\/akunq.net\\\/tr\\\/?p=17661#primaryimage\"},\"thumbnailUrl\":\"https:\\\/\\\/akunq.net\\\/tr\\\/wp-content\\\/uploads\\\/sites\\\/6\\\/2012\\\/08\\\/Aziz-Dagci.jpg\",\"articleSection\":[\"G\u00fcn\u00fcm\u00fczde Bat\u0131 Ermenistan\",\"Haberler\"],\"inLanguage\":\"en-US\",\"potentialAction\":[{\"@type\":\"CommentAction\",\"name\":\"Comment\",\"target\":[\"https:\\\/\\\/akunq.net\\\/tr\\\/?p=17661#respond\"]}]},{\"@type\":\"WebPage\",\"@id\":\"https:\\\/\\\/akunq.net\\\/tr\\\/?p=17661\",\"url\":\"https:\\\/\\\/akunq.net\\\/tr\\\/?p=17661\",\"name\":\"\u201cKilisenin tavan\u0131ndan ne istediniz?\u201d - Bati Ermenistan Ve Bati Ermenileri Sorunlari Ara\u015ftirmalar Merkezi\",\"isPartOf\":{\"@id\":\"https:\\\/\\\/akunq.net\\\/tr\\\/#website\"},\"primaryImageOfPage\":{\"@id\":\"https:\\\/\\\/akunq.net\\\/tr\\\/?p=17661#primaryimage\"},\"image\":{\"@id\":\"https:\\\/\\\/akunq.net\\\/tr\\\/?p=17661#primaryimage\"},\"thumbnailUrl\":\"https:\\\/\\\/akunq.net\\\/tr\\\/wp-content\\\/uploads\\\/sites\\\/6\\\/2012\\\/08\\\/Aziz-Dagci.jpg\",\"datePublished\":\"2012-08-24T08:21:28+00:00\",\"author\":{\"@id\":\"https:\\\/\\\/akunq.net\\\/tr\\\/#\\\/schema\\\/person\\\/096f1d38a12cce57fb855b485ed24c9e\"},\"breadcrumb\":{\"@id\":\"https:\\\/\\\/akunq.net\\\/tr\\\/?p=17661#breadcrumb\"},\"inLanguage\":\"en-US\",\"potentialAction\":[{\"@type\":\"ReadAction\",\"target\":[\"https:\\\/\\\/akunq.net\\\/tr\\\/?p=17661\"]}]},{\"@type\":\"ImageObject\",\"inLanguage\":\"en-US\",\"@id\":\"https:\\\/\\\/akunq.net\\\/tr\\\/?p=17661#primaryimage\",\"url\":\"https:\\\/\\\/akunq.net\\\/tr\\\/wp-content\\\/uploads\\\/sites\\\/6\\\/2012\\\/08\\\/Aziz-Dagci.jpg\",\"contentUrl\":\"https:\\\/\\\/akunq.net\\\/tr\\\/wp-content\\\/uploads\\\/sites\\\/6\\\/2012\\\/08\\\/Aziz-Dagci.jpg\",\"width\":\"207\",\"height\":\"138\"},{\"@type\":\"BreadcrumbList\",\"@id\":\"https:\\\/\\\/akunq.net\\\/tr\\\/?p=17661#breadcrumb\",\"itemListElement\":[{\"@type\":\"ListItem\",\"position\":1,\"name\":\"Home\",\"item\":\"https:\\\/\\\/akunq.net\\\/tr\"},{\"@type\":\"ListItem\",\"position\":2,\"name\":\"\u201cKilisenin tavan\u0131ndan ne istediniz?\u201d\"}]},{\"@type\":\"WebSite\",\"@id\":\"https:\\\/\\\/akunq.net\\\/tr\\\/#website\",\"url\":\"https:\\\/\\\/akunq.net\\\/tr\\\/\",\"name\":\"Bati Ermenistan Ve Bati Ermenileri Sorunlari Ara\u015ftirmalar Merkezi\",\"description\":\"\",\"potentialAction\":[{\"@type\":\"SearchAction\",\"target\":{\"@type\":\"EntryPoint\",\"urlTemplate\":\"https:\\\/\\\/akunq.net\\\/tr\\\/?s={search_term_string}\"},\"query-input\":{\"@type\":\"PropertyValueSpecification\",\"valueRequired\":true,\"valueName\":\"search_term_string\"}}],\"inLanguage\":\"en-US\"},{\"@type\":\"Person\",\"@id\":\"https:\\\/\\\/akunq.net\\\/tr\\\/#\\\/schema\\\/person\\\/096f1d38a12cce57fb855b485ed24c9e\",\"name\":\"admin\",\"url\":\"https:\\\/\\\/akunq.net\\\/tr\\\/?author=7\"}]}<\/script>\n<!-- \/ Yoast SEO plugin. -->","yoast_head_json":{"title":"\u201cKilisenin tavan\u0131ndan ne istediniz?\u201d - Bati Ermenistan Ve Bati Ermenileri Sorunlari Ara\u015ftirmalar Merkezi","robots":{"index":"index","follow":"follow","max-snippet":"max-snippet:-1","max-image-preview":"max-image-preview:large","max-video-preview":"max-video-preview:-1"},"canonical":"https:\/\/akunq.net\/tr\/?p=17661","og_locale":"en_US","og_type":"article","og_title":"\u201cKilisenin tavan\u0131ndan ne istediniz?\u201d - Bati Ermenistan Ve Bati Ermenileri Sorunlari Ara\u015ftirmalar Merkezi","og_description":"Tarihi kilisenin tavan\u0131 tahrip edilince su\u00e7 duyurusunda bulundu. **Batman\u2019\u0131n Sason il\u00e7esinin Mereto da\u011f\u0131 tepesindeki Surp Asvadazin Meryem ana kilisenin tahrip edilmesi \u00fczerine harekete ge\u00e7en merkezi \u0130stanbul\u2019daki Sason Ermeniler Derne\u011fi Ba\u015fkan\u0131 Aziz Da\u011fc\u0131, Sason Cumhuriyet Savc\u0131l\u0131\u011f\u0131na su\u00e7 duyurusunda bulundu. ** Ba\u015fkan Da\u011fc\u0131; \u201cBir ay \u00f6nce kilisemizin tavan\u0131 sa\u011flamd\u0131. Fakat \u00e7evredeki \u00e7obanlar, tarihi kilise tavan\u0131n\u0131n y\u0131kt\u0131r\u0131ld\u0131\u011f\u0131na dair [&hellip;]","og_url":"https:\/\/akunq.net\/tr\/?p=17661","og_site_name":"Bati Ermenistan Ve Bati Ermenileri Sorunlari Ara\u015ftirmalar Merkezi","article_published_time":"2012-08-24T08:21:28+00:00","og_image":[{"width":207,"height":138,"url":"https:\/\/akunq.net\/tr\/wp-content\/uploads\/sites\/6\/2012\/08\/Aziz-Dagci.jpg","type":"image\/jpeg"}],"author":"admin","twitter_card":"summary_large_image","twitter_misc":{"Written by":"admin","Est. reading time":"3 minutes"},"schema":{"@context":"https:\/\/schema.org","@graph":[{"@type":"Article","@id":"https:\/\/akunq.net\/tr\/?p=17661#article","isPartOf":{"@id":"https:\/\/akunq.net\/tr\/?p=17661"},"author":{"name":"admin","@id":"https:\/\/akunq.net\/tr\/#\/schema\/person\/096f1d38a12cce57fb855b485ed24c9e"},"headline":"\u201cKilisenin tavan\u0131ndan ne istediniz?\u201d","datePublished":"2012-08-24T08:21:28+00:00","mainEntityOfPage":{"@id":"https:\/\/akunq.net\/tr\/?p=17661"},"wordCount":505,"commentCount":0,"image":{"@id":"https:\/\/akunq.net\/tr\/?p=17661#primaryimage"},"thumbnailUrl":"https:\/\/akunq.net\/tr\/wp-content\/uploads\/sites\/6\/2012\/08\/Aziz-Dagci.jpg","articleSection":["G\u00fcn\u00fcm\u00fczde Bat\u0131 Ermenistan","Haberler"],"inLanguage":"en-US","potentialAction":[{"@type":"CommentAction","name":"Comment","target":["https:\/\/akunq.net\/tr\/?p=17661#respond"]}]},{"@type":"WebPage","@id":"https:\/\/akunq.net\/tr\/?p=17661","url":"https:\/\/akunq.net\/tr\/?p=17661","name":"\u201cKilisenin tavan\u0131ndan ne istediniz?\u201d - Bati Ermenistan Ve Bati Ermenileri Sorunlari Ara\u015ftirmalar Merkezi","isPartOf":{"@id":"https:\/\/akunq.net\/tr\/#website"},"primaryImageOfPage":{"@id":"https:\/\/akunq.net\/tr\/?p=17661#primaryimage"},"image":{"@id":"https:\/\/akunq.net\/tr\/?p=17661#primaryimage"},"thumbnailUrl":"https:\/\/akunq.net\/tr\/wp-content\/uploads\/sites\/6\/2012\/08\/Aziz-Dagci.jpg","datePublished":"2012-08-24T08:21:28+00:00","author":{"@id":"https:\/\/akunq.net\/tr\/#\/schema\/person\/096f1d38a12cce57fb855b485ed24c9e"},"breadcrumb":{"@id":"https:\/\/akunq.net\/tr\/?p=17661#breadcrumb"},"inLanguage":"en-US","potentialAction":[{"@type":"ReadAction","target":["https:\/\/akunq.net\/tr\/?p=17661"]}]},{"@type":"ImageObject","inLanguage":"en-US","@id":"https:\/\/akunq.net\/tr\/?p=17661#primaryimage","url":"https:\/\/akunq.net\/tr\/wp-content\/uploads\/sites\/6\/2012\/08\/Aziz-Dagci.jpg","contentUrl":"https:\/\/akunq.net\/tr\/wp-content\/uploads\/sites\/6\/2012\/08\/Aziz-Dagci.jpg","width":"207","height":"138"},{"@type":"BreadcrumbList","@id":"https:\/\/akunq.net\/tr\/?p=17661#breadcrumb","itemListElement":[{"@type":"ListItem","position":1,"name":"Home","item":"https:\/\/akunq.net\/tr"},{"@type":"ListItem","position":2,"name":"\u201cKilisenin tavan\u0131ndan ne istediniz?\u201d"}]},{"@type":"WebSite","@id":"https:\/\/akunq.net\/tr\/#website","url":"https:\/\/akunq.net\/tr\/","name":"Bati Ermenistan Ve Bati Ermenileri Sorunlari Ara\u015ftirmalar Merkezi","description":"","potentialAction":[{"@type":"SearchAction","target":{"@type":"EntryPoint","urlTemplate":"https:\/\/akunq.net\/tr\/?s={search_term_string}"},"query-input":{"@type":"PropertyValueSpecification","valueRequired":true,"valueName":"search_term_string"}}],"inLanguage":"en-US"},{"@type":"Person","@id":"https:\/\/akunq.net\/tr\/#\/schema\/person\/096f1d38a12cce57fb855b485ed24c9e","name":"admin","url":"https:\/\/akunq.net\/tr\/?author=7"}]}},"_links":{"self":[{"href":"https:\/\/akunq.net\/tr\/index.php?rest_route=\/wp\/v2\/posts\/17661","targetHints":{"allow":["GET"]}}],"collection":[{"href":"https:\/\/akunq.net\/tr\/index.php?rest_route=\/wp\/v2\/posts"}],"about":[{"href":"https:\/\/akunq.net\/tr\/index.php?rest_route=\/wp\/v2\/types\/post"}],"author":[{"embeddable":true,"href":"https:\/\/akunq.net\/tr\/index.php?rest_route=\/wp\/v2\/users\/7"}],"replies":[{"embeddable":true,"href":"https:\/\/akunq.net\/tr\/index.php?rest_route=%2Fwp%2Fv2%2Fcomments&post=17661"}],"version-history":[{"count":3,"href":"https:\/\/akunq.net\/tr\/index.php?rest_route=\/wp\/v2\/posts\/17661\/revisions"}],"predecessor-version":[{"id":17665,"href":"https:\/\/akunq.net\/tr\/index.php?rest_route=\/wp\/v2\/posts\/17661\/revisions\/17665"}],"wp:featuredmedia":[{"embeddable":true,"href":"https:\/\/akunq.net\/tr\/index.php?rest_route=\/wp\/v2\/media\/17662"}],"wp:attachment":[{"href":"https:\/\/akunq.net\/tr\/index.php?rest_route=%2Fwp%2Fv2%2Fmedia&parent=17661"}],"wp:term":[{"taxonomy":"category","embeddable":true,"href":"https:\/\/akunq.net\/tr\/index.php?rest_route=%2Fwp%2Fv2%2Fcategories&post=17661"},{"taxonomy":"post_tag","embeddable":true,"href":"https:\/\/akunq.net\/tr\/index.php?rest_route=%2Fwp%2Fv2%2Ftags&post=17661"}],"curies":[{"name":"wp","href":"https:\/\/api.w.org\/{rel}","templated":true}]}}