{"id":17064,"date":"2012-07-30T02:46:04","date_gmt":"2012-07-30T07:46:04","guid":{"rendered":"http:\/\/akunq.net\/tr\/?p=17064"},"modified":"2012-07-30T02:46:04","modified_gmt":"2012-07-30T07:46:04","slug":"mehmet-moran-kilise-onarimina-tepkili","status":"publish","type":"post","link":"https:\/\/akunq.net\/tr\/?p=17064","title":{"rendered":"Mehmet Moran kilise onar\u0131m\u0131na tepkili"},"content":{"rendered":"<p style=\"text-align: justify;\"><a href=\"http:\/\/akunq.net\/tr\/?attachment_id=17065\" rel=\"attachment wp-att-17065\"><img loading=\"lazy\" decoding=\"async\" class=\"size-medium wp-image-17065 alignleft\" title=\"Mehmet Moran\" src=\"http:\/\/akunq.net\/tr\/wp-content\/uploads\/2012\/07\/Mehmet-Moran-300x187.jpg\" alt=\"\" width=\"300\" height=\"187\" srcset=\"https:\/\/akunq.net\/tr\/wp-content\/uploads\/sites\/6\/2012\/07\/Mehmet-Moran-300x187.jpg 300w, https:\/\/akunq.net\/tr\/wp-content\/uploads\/sites\/6\/2012\/07\/Mehmet-Moran.jpg 463w\" sizes=\"auto, (max-width: 300px) 100vw, 300px\" \/><\/a>Malatya\u2019da Ermenilerle ilgili yap\u0131lan \u00e7al\u0131\u015fmalar\u0131n kamuoyuna yeterli olarak izah edilmedi\u011fi iddia edilip, bu konudaki \u00e7al\u0131\u015fmalar\u0131n a\u00e7\u0131klanmas\u0131 istendi.\u00a0<br \/>\nMalatya Belediyesi Meclisi Ba\u011f\u0131ms\u0131z \u00dcyesi Mehmet Moran, yapt\u0131\u011f\u0131 yaz\u0131l\u0131 a\u00e7\u0131klamada, &#8220;Uzun bir s\u00fcreden beri ba\u015fta Say\u0131n Malatya Valisi olmak \u00fczere yerel y\u00f6neticilerin Ermeni y\u00f6neticileri ile bir\u00e7ok defa gizli ve a\u015fikar g\u00f6r\u00fc\u015fmeler yapt\u0131klar\u0131 ve bir dizi kararlar ald\u0131klar\u0131 malumlar\u0131n\u0131zd\u0131r&#8221; iddialar\u0131nda bulunurken, \u015fu a\u00e7\u0131klamalarda bulundu:<br \/>\n&#8220;Al\u0131nan kararlar \u00e7er\u00e7evesinde Kiltepe&#8217;de bulunan Ermeni mezarl\u0131\u011f\u0131nda son dua yeri, bek\u00e7i kul\u00fcbesi, gasilhanenin ruhsats\u0131z, izinsiz, imars\u0131z yap\u0131lmas\u0131na g\u00f6z yumduklar\u0131 ve bu ka\u00e7ak yap\u0131la\u015fmay\u0131 Malatya kamuoyundan gizledikleri, sonra bir yerlerin bask\u0131s\u0131na boyun e\u011filerek y\u0131kt\u0131klar\u0131 malum olmak \u00fczere, Malatya Belediye Meclisi&#8217;nde AK Parti&#8217;li Belediye meclis \u00fcyeleri ve CHP&#8217;li meclis \u00fcyelerinin ittifak\u0131 ile tek ba\u015f\u0131ma kar\u015f\u0131 \u00e7\u0131kt\u0131\u011f\u0131m bir g\u00fcndem karar\u0131 ile yeniden anahtar teslimi yap\u0131lmas\u0131na karar ald\u0131klar\u0131, Malatya halk\u0131n\u0131n paras\u0131yla 197 bin 500 TL maliyetle 156 bin TL\u2019 ye yeniden yap\u0131lmakta oldu\u011fu malumlar\u0131n\u0131zd\u0131r.&#8221;<br \/>\nTa\u015fhoron Kilisesi\u2019nin onar\u0131m\u0131 ile beraber, Ta\u015fhoron Kilisesi&#8217;nin arsas\u0131 i\u00e7erisinde bulunan ve Malatya Belediyesi&#8217;ne ait olan 429 metrekare arsa pay\u0131n\u0131n 20 bin TL\u2019ye \u0130l \u00d6zel \u0130daresi&#8217;ne verilmesine tek ba\u015f\u0131na kar\u015f\u0131 \u00e7\u0131kt\u0131\u011f\u0131n\u0131, ancak AK Parti&#8217;li ve CHP&#8217;li meclis \u00fcyelerinin ittifak\u0131 ile oy \u00e7oklu\u011fuyla karar al\u0131nd\u0131\u011f\u0131n\u0131 belirten Moran, yerel haberlere bakt\u0131\u011f\u0131nda Malatya \u0130l \u00d6zel \u0130daresi b\u00fct\u00e7esinden Ta\u015fhoron Kilisesi&#8217;nin onar\u0131larak faaliyete ge\u00e7irilmesi i\u00e7in bir miktar \u00f6dene\u011fin ayr\u0131ld\u0131\u011f\u0131n\u0131 ama miktar\u0131n\u0131n a\u00e7\u0131klanmad\u0131\u011f\u0131 haberinin yer almakta oldu\u011funu kaydetti. Moran, &#8220;Elimde bulunan bir video kayd\u0131 esas olmak \u00fczere Malatya\u2019n\u0131n yerel y\u00f6neticilerine, al\u0131nan bu kararlarda katk\u0131s\u0131 olan ba\u015fta Say\u0131n Vali olmak \u00fczere, Belediye Ba\u015fkan\u0131 Say\u0131n Ahmet \u00c7ak\u0131r, \u0130l Genel Meclisi Ba\u015fkan\u0131 Say\u0131n Naci \u015eavata, il genel ve belediye meclis \u00fcyelerine soruyorum&#8221; diyerek \u015fu sorular\u0131 y\u00f6neltti:<br \/>\n&#8220;Malatya halk\u0131na a\u00e7\u0131klayamad\u0131\u011f\u0131n\u0131z Ta\u015fhoron Kilisesi&#8217;ne ne kadar \u00f6denek ay\u0131rd\u0131n\u0131z?<br \/>\nMalatya\u2019da hayata ge\u00e7irilmek istenen 4 oldu\u011fu bildi\u011fim kilise say\u0131s\u0131 ka\u00e7t\u0131r?<br \/>\nMalatya Hekimhan il\u00e7esinde jandarma b\u00f6lgesinde bulunan eski temel ta\u015flar\u0131n\u0131n kilise kal\u0131nt\u0131lar\u0131na ait olabilece\u011finden bahisle jandarmay\u0131 b\u00f6lgeden \u00e7\u0131kar\u0131p alan\u0131 ile birlikte kiliseye kazand\u0131r\u0131p kilise yapmak istedi\u011finiz beyan\u0131 do\u011fru mudur?<br \/>\nT\u00fcrkiye Cumhuriyeti ve Malatya haritas\u0131nda Malatya&#8217;n\u0131n bir il\u00e7esi olan Hekimhan&#8217;\u0131n ismi Say\u0131n Vali&#8217;nin huzurunda Hay Malatya olarak zikredildi\u011finde, yani Hekimhan ismi yok say\u0131ld\u0131\u011f\u0131nda Say\u0131n Vali&#8217;nin bu ifadeye tepkisi merak konusudur, a\u00e7\u0131klar m\u0131s\u0131n\u0131z?<br \/>\nMalatya&#8217;n\u0131n Venk b\u00f6lgesinde bulunan kilise kal\u0131nt\u0131s\u0131n\u0131 hayata ge\u00e7irmek istiyor musunuz?<br \/>\nErmeni temsilcinin talebi esas olmak \u00fczere, t\u00fcm yap\u0131lan bu \u00e7al\u0131\u015fmalar\u0131 koruma alt\u0131na al\u0131nmas\u0131 amac\u0131yla tescil alt\u0131na almay\u0131 ne zaman d\u00fc\u015f\u00fcn\u00fcyorsunuz?<br \/>\nBilinenlerin \u00f6tesinde diaspora ile bilmedi\u011fimiz hangi kararlar\u0131 ald\u0131n\u0131z?<br \/>\nBaz\u0131 Ermeni temsilcilerinin Malatya&#8217;y\u0131 Bat\u0131 Ermenistan topra\u011f\u0131 olarak tan\u0131mlad\u0131klar\u0131n\u0131 biliyor musuz?<br \/>\nMalatya halk\u0131n\u0131n tepkisine ra\u011fmen benzer \u00e7al\u0131\u015fmalar\u0131n\u0131za devam etmeyi d\u00fc\u015f\u00fcn\u00fcyor musunuz?<br \/>\nBa\u015fta Say\u0131n Vali olmak \u00fczere t\u00fcm yetkililerden \u015fahs\u0131m ve Malatya kamuoyu ad\u0131na sorular\u0131m\u0131n cevab\u0131n\u0131 talep etmekteyim.&#8221;<\/p>\n<p><strong>http:\/\/www.gunestv.com\/?islem=hbd&amp;ID=9403&amp;isim=mehmet-moran-kilise-onarimina-tepkili.html<br clear=\"all\" \/><\/strong><\/p>\n","protected":false},"excerpt":{"rendered":"<p>Malatya\u2019da Ermenilerle ilgili yap\u0131lan \u00e7al\u0131\u015fmalar\u0131n kamuoyuna yeterli olarak izah edilmedi\u011fi iddia edilip, bu konudaki \u00e7al\u0131\u015fmalar\u0131n a\u00e7\u0131klanmas\u0131 istendi.\u00a0 Malatya Belediyesi Meclisi Ba\u011f\u0131ms\u0131z \u00dcyesi Mehmet Moran, yapt\u0131\u011f\u0131 yaz\u0131l\u0131 a\u00e7\u0131klamada, &#8220;Uzun bir s\u00fcreden beri ba\u015fta Say\u0131n Malatya Valisi olmak \u00fczere yerel y\u00f6neticilerin Ermeni y\u00f6neticileri ile bir\u00e7ok defa gizli ve a\u015fikar g\u00f6r\u00fc\u015fmeler yapt\u0131klar\u0131 ve bir dizi kararlar ald\u0131klar\u0131 malumlar\u0131n\u0131zd\u0131r&#8221; [&hellip;]<\/p>\n","protected":false},"author":7,"featured_media":0,"comment_status":"open","ping_status":"open","sticky":false,"template":"","format":"standard","meta":{"footnotes":""},"categories":[22,1],"tags":[],"class_list":["post-17064","post","type-post","status-publish","format-standard","hentry","category-gunumuzde-bati-ermenistan","category-haberler"],"yoast_head":"<!-- This site is optimized with the Yoast SEO plugin v27.4 - https:\/\/yoast.com\/product\/yoast-seo-wordpress\/ -->\n<title>Mehmet Moran kilise onar\u0131m\u0131na tepkili - Bati Ermenistan Ve Bati Ermenileri Sorunlari Ara\u015ftirmalar Merkezi<\/title>\n<meta name=\"robots\" content=\"index, follow, max-snippet:-1, max-image-preview:large, max-video-preview:-1\" \/>\n<link rel=\"canonical\" href=\"https:\/\/akunq.net\/tr\/?p=17064\" \/>\n<meta property=\"og:locale\" content=\"en_US\" \/>\n<meta property=\"og:type\" content=\"article\" \/>\n<meta property=\"og:title\" content=\"Mehmet Moran kilise onar\u0131m\u0131na tepkili - Bati Ermenistan Ve Bati Ermenileri Sorunlari Ara\u015ftirmalar Merkezi\" \/>\n<meta property=\"og:description\" content=\"Malatya\u2019da Ermenilerle ilgili yap\u0131lan \u00e7al\u0131\u015fmalar\u0131n kamuoyuna yeterli olarak izah edilmedi\u011fi iddia edilip, bu konudaki \u00e7al\u0131\u015fmalar\u0131n a\u00e7\u0131klanmas\u0131 istendi.\u00a0 Malatya Belediyesi Meclisi Ba\u011f\u0131ms\u0131z \u00dcyesi Mehmet Moran, yapt\u0131\u011f\u0131 yaz\u0131l\u0131 a\u00e7\u0131klamada, &#8220;Uzun bir s\u00fcreden beri ba\u015fta Say\u0131n Malatya Valisi olmak \u00fczere yerel y\u00f6neticilerin Ermeni y\u00f6neticileri ile bir\u00e7ok defa gizli ve a\u015fikar g\u00f6r\u00fc\u015fmeler yapt\u0131klar\u0131 ve bir dizi kararlar ald\u0131klar\u0131 malumlar\u0131n\u0131zd\u0131r&#8221; [&hellip;]\" \/>\n<meta property=\"og:url\" content=\"https:\/\/akunq.net\/tr\/?p=17064\" \/>\n<meta property=\"og:site_name\" content=\"Bati Ermenistan Ve Bati Ermenileri Sorunlari Ara\u015ftirmalar Merkezi\" \/>\n<meta property=\"article:published_time\" content=\"2012-07-30T07:46:04+00:00\" \/>\n<meta property=\"og:image\" content=\"http:\/\/akunq.net\/tr\/wp-content\/uploads\/2012\/07\/Mehmet-Moran-300x187.jpg\" \/>\n<meta name=\"author\" content=\"admin\" \/>\n<meta name=\"twitter:card\" content=\"summary_large_image\" \/>\n<meta name=\"twitter:label1\" content=\"Written by\" \/>\n\t<meta name=\"twitter:data1\" content=\"admin\" \/>\n\t<meta name=\"twitter:label2\" content=\"Est. reading time\" \/>\n\t<meta name=\"twitter:data2\" content=\"3 minutes\" \/>\n<script type=\"application\/ld+json\" class=\"yoast-schema-graph\">{\"@context\":\"https:\\\/\\\/schema.org\",\"@graph\":[{\"@type\":\"Article\",\"@id\":\"https:\\\/\\\/akunq.net\\\/tr\\\/?p=17064#article\",\"isPartOf\":{\"@id\":\"https:\\\/\\\/akunq.net\\\/tr\\\/?p=17064\"},\"author\":{\"name\":\"admin\",\"@id\":\"https:\\\/\\\/akunq.net\\\/tr\\\/#\\\/schema\\\/person\\\/096f1d38a12cce57fb855b485ed24c9e\"},\"headline\":\"Mehmet Moran kilise onar\u0131m\u0131na tepkili\",\"datePublished\":\"2012-07-30T07:46:04+00:00\",\"mainEntityOfPage\":{\"@id\":\"https:\\\/\\\/akunq.net\\\/tr\\\/?p=17064\"},\"wordCount\":604,\"commentCount\":0,\"image\":{\"@id\":\"https:\\\/\\\/akunq.net\\\/tr\\\/?p=17064#primaryimage\"},\"thumbnailUrl\":\"http:\\\/\\\/akunq.net\\\/tr\\\/wp-content\\\/uploads\\\/2012\\\/07\\\/Mehmet-Moran-300x187.jpg\",\"articleSection\":[\"G\u00fcn\u00fcm\u00fczde Bat\u0131 Ermenistan\",\"Haberler\"],\"inLanguage\":\"en-US\",\"potentialAction\":[{\"@type\":\"CommentAction\",\"name\":\"Comment\",\"target\":[\"https:\\\/\\\/akunq.net\\\/tr\\\/?p=17064#respond\"]}]},{\"@type\":\"WebPage\",\"@id\":\"https:\\\/\\\/akunq.net\\\/tr\\\/?p=17064\",\"url\":\"https:\\\/\\\/akunq.net\\\/tr\\\/?p=17064\",\"name\":\"Mehmet Moran kilise onar\u0131m\u0131na tepkili - Bati Ermenistan Ve Bati Ermenileri Sorunlari Ara\u015ftirmalar Merkezi\",\"isPartOf\":{\"@id\":\"https:\\\/\\\/akunq.net\\\/tr\\\/#website\"},\"primaryImageOfPage\":{\"@id\":\"https:\\\/\\\/akunq.net\\\/tr\\\/?p=17064#primaryimage\"},\"image\":{\"@id\":\"https:\\\/\\\/akunq.net\\\/tr\\\/?p=17064#primaryimage\"},\"thumbnailUrl\":\"http:\\\/\\\/akunq.net\\\/tr\\\/wp-content\\\/uploads\\\/2012\\\/07\\\/Mehmet-Moran-300x187.jpg\",\"datePublished\":\"2012-07-30T07:46:04+00:00\",\"author\":{\"@id\":\"https:\\\/\\\/akunq.net\\\/tr\\\/#\\\/schema\\\/person\\\/096f1d38a12cce57fb855b485ed24c9e\"},\"breadcrumb\":{\"@id\":\"https:\\\/\\\/akunq.net\\\/tr\\\/?p=17064#breadcrumb\"},\"inLanguage\":\"en-US\",\"potentialAction\":[{\"@type\":\"ReadAction\",\"target\":[\"https:\\\/\\\/akunq.net\\\/tr\\\/?p=17064\"]}]},{\"@type\":\"ImageObject\",\"inLanguage\":\"en-US\",\"@id\":\"https:\\\/\\\/akunq.net\\\/tr\\\/?p=17064#primaryimage\",\"url\":\"https:\\\/\\\/akunq.net\\\/tr\\\/wp-content\\\/uploads\\\/sites\\\/6\\\/2012\\\/07\\\/Mehmet-Moran.jpg\",\"contentUrl\":\"https:\\\/\\\/akunq.net\\\/tr\\\/wp-content\\\/uploads\\\/sites\\\/6\\\/2012\\\/07\\\/Mehmet-Moran.jpg\",\"width\":\"463\",\"height\":\"290\"},{\"@type\":\"BreadcrumbList\",\"@id\":\"https:\\\/\\\/akunq.net\\\/tr\\\/?p=17064#breadcrumb\",\"itemListElement\":[{\"@type\":\"ListItem\",\"position\":1,\"name\":\"Home\",\"item\":\"https:\\\/\\\/akunq.net\\\/tr\"},{\"@type\":\"ListItem\",\"position\":2,\"name\":\"Mehmet Moran kilise onar\u0131m\u0131na tepkili\"}]},{\"@type\":\"WebSite\",\"@id\":\"https:\\\/\\\/akunq.net\\\/tr\\\/#website\",\"url\":\"https:\\\/\\\/akunq.net\\\/tr\\\/\",\"name\":\"Bati Ermenistan Ve Bati Ermenileri Sorunlari Ara\u015ftirmalar Merkezi\",\"description\":\"\",\"potentialAction\":[{\"@type\":\"SearchAction\",\"target\":{\"@type\":\"EntryPoint\",\"urlTemplate\":\"https:\\\/\\\/akunq.net\\\/tr\\\/?s={search_term_string}\"},\"query-input\":{\"@type\":\"PropertyValueSpecification\",\"valueRequired\":true,\"valueName\":\"search_term_string\"}}],\"inLanguage\":\"en-US\"},{\"@type\":\"Person\",\"@id\":\"https:\\\/\\\/akunq.net\\\/tr\\\/#\\\/schema\\\/person\\\/096f1d38a12cce57fb855b485ed24c9e\",\"name\":\"admin\",\"url\":\"https:\\\/\\\/akunq.net\\\/tr\\\/?author=7\"}]}<\/script>\n<!-- \/ Yoast SEO plugin. -->","yoast_head_json":{"title":"Mehmet Moran kilise onar\u0131m\u0131na tepkili - Bati Ermenistan Ve Bati Ermenileri Sorunlari Ara\u015ftirmalar Merkezi","robots":{"index":"index","follow":"follow","max-snippet":"max-snippet:-1","max-image-preview":"max-image-preview:large","max-video-preview":"max-video-preview:-1"},"canonical":"https:\/\/akunq.net\/tr\/?p=17064","og_locale":"en_US","og_type":"article","og_title":"Mehmet Moran kilise onar\u0131m\u0131na tepkili - Bati Ermenistan Ve Bati Ermenileri Sorunlari Ara\u015ftirmalar Merkezi","og_description":"Malatya\u2019da Ermenilerle ilgili yap\u0131lan \u00e7al\u0131\u015fmalar\u0131n kamuoyuna yeterli olarak izah edilmedi\u011fi iddia edilip, bu konudaki \u00e7al\u0131\u015fmalar\u0131n a\u00e7\u0131klanmas\u0131 istendi.\u00a0 Malatya Belediyesi Meclisi Ba\u011f\u0131ms\u0131z \u00dcyesi Mehmet Moran, yapt\u0131\u011f\u0131 yaz\u0131l\u0131 a\u00e7\u0131klamada, &#8220;Uzun bir s\u00fcreden beri ba\u015fta Say\u0131n Malatya Valisi olmak \u00fczere yerel y\u00f6neticilerin Ermeni y\u00f6neticileri ile bir\u00e7ok defa gizli ve a\u015fikar g\u00f6r\u00fc\u015fmeler yapt\u0131klar\u0131 ve bir dizi kararlar ald\u0131klar\u0131 malumlar\u0131n\u0131zd\u0131r&#8221; [&hellip;]","og_url":"https:\/\/akunq.net\/tr\/?p=17064","og_site_name":"Bati Ermenistan Ve Bati Ermenileri Sorunlari Ara\u015ftirmalar Merkezi","article_published_time":"2012-07-30T07:46:04+00:00","og_image":[{"url":"http:\/\/akunq.net\/tr\/wp-content\/uploads\/2012\/07\/Mehmet-Moran-300x187.jpg","type":"","width":"","height":""}],"author":"admin","twitter_card":"summary_large_image","twitter_misc":{"Written by":"admin","Est. reading time":"3 minutes"},"schema":{"@context":"https:\/\/schema.org","@graph":[{"@type":"Article","@id":"https:\/\/akunq.net\/tr\/?p=17064#article","isPartOf":{"@id":"https:\/\/akunq.net\/tr\/?p=17064"},"author":{"name":"admin","@id":"https:\/\/akunq.net\/tr\/#\/schema\/person\/096f1d38a12cce57fb855b485ed24c9e"},"headline":"Mehmet Moran kilise onar\u0131m\u0131na tepkili","datePublished":"2012-07-30T07:46:04+00:00","mainEntityOfPage":{"@id":"https:\/\/akunq.net\/tr\/?p=17064"},"wordCount":604,"commentCount":0,"image":{"@id":"https:\/\/akunq.net\/tr\/?p=17064#primaryimage"},"thumbnailUrl":"http:\/\/akunq.net\/tr\/wp-content\/uploads\/2012\/07\/Mehmet-Moran-300x187.jpg","articleSection":["G\u00fcn\u00fcm\u00fczde Bat\u0131 Ermenistan","Haberler"],"inLanguage":"en-US","potentialAction":[{"@type":"CommentAction","name":"Comment","target":["https:\/\/akunq.net\/tr\/?p=17064#respond"]}]},{"@type":"WebPage","@id":"https:\/\/akunq.net\/tr\/?p=17064","url":"https:\/\/akunq.net\/tr\/?p=17064","name":"Mehmet Moran kilise onar\u0131m\u0131na tepkili - Bati Ermenistan Ve Bati Ermenileri Sorunlari Ara\u015ftirmalar Merkezi","isPartOf":{"@id":"https:\/\/akunq.net\/tr\/#website"},"primaryImageOfPage":{"@id":"https:\/\/akunq.net\/tr\/?p=17064#primaryimage"},"image":{"@id":"https:\/\/akunq.net\/tr\/?p=17064#primaryimage"},"thumbnailUrl":"http:\/\/akunq.net\/tr\/wp-content\/uploads\/2012\/07\/Mehmet-Moran-300x187.jpg","datePublished":"2012-07-30T07:46:04+00:00","author":{"@id":"https:\/\/akunq.net\/tr\/#\/schema\/person\/096f1d38a12cce57fb855b485ed24c9e"},"breadcrumb":{"@id":"https:\/\/akunq.net\/tr\/?p=17064#breadcrumb"},"inLanguage":"en-US","potentialAction":[{"@type":"ReadAction","target":["https:\/\/akunq.net\/tr\/?p=17064"]}]},{"@type":"ImageObject","inLanguage":"en-US","@id":"https:\/\/akunq.net\/tr\/?p=17064#primaryimage","url":"https:\/\/akunq.net\/tr\/wp-content\/uploads\/sites\/6\/2012\/07\/Mehmet-Moran.jpg","contentUrl":"https:\/\/akunq.net\/tr\/wp-content\/uploads\/sites\/6\/2012\/07\/Mehmet-Moran.jpg","width":"463","height":"290"},{"@type":"BreadcrumbList","@id":"https:\/\/akunq.net\/tr\/?p=17064#breadcrumb","itemListElement":[{"@type":"ListItem","position":1,"name":"Home","item":"https:\/\/akunq.net\/tr"},{"@type":"ListItem","position":2,"name":"Mehmet Moran kilise onar\u0131m\u0131na tepkili"}]},{"@type":"WebSite","@id":"https:\/\/akunq.net\/tr\/#website","url":"https:\/\/akunq.net\/tr\/","name":"Bati Ermenistan Ve Bati Ermenileri Sorunlari Ara\u015ftirmalar Merkezi","description":"","potentialAction":[{"@type":"SearchAction","target":{"@type":"EntryPoint","urlTemplate":"https:\/\/akunq.net\/tr\/?s={search_term_string}"},"query-input":{"@type":"PropertyValueSpecification","valueRequired":true,"valueName":"search_term_string"}}],"inLanguage":"en-US"},{"@type":"Person","@id":"https:\/\/akunq.net\/tr\/#\/schema\/person\/096f1d38a12cce57fb855b485ed24c9e","name":"admin","url":"https:\/\/akunq.net\/tr\/?author=7"}]}},"_links":{"self":[{"href":"https:\/\/akunq.net\/tr\/index.php?rest_route=\/wp\/v2\/posts\/17064","targetHints":{"allow":["GET"]}}],"collection":[{"href":"https:\/\/akunq.net\/tr\/index.php?rest_route=\/wp\/v2\/posts"}],"about":[{"href":"https:\/\/akunq.net\/tr\/index.php?rest_route=\/wp\/v2\/types\/post"}],"author":[{"embeddable":true,"href":"https:\/\/akunq.net\/tr\/index.php?rest_route=\/wp\/v2\/users\/7"}],"replies":[{"embeddable":true,"href":"https:\/\/akunq.net\/tr\/index.php?rest_route=%2Fwp%2Fv2%2Fcomments&post=17064"}],"version-history":[{"count":2,"href":"https:\/\/akunq.net\/tr\/index.php?rest_route=\/wp\/v2\/posts\/17064\/revisions"}],"predecessor-version":[{"id":17067,"href":"https:\/\/akunq.net\/tr\/index.php?rest_route=\/wp\/v2\/posts\/17064\/revisions\/17067"}],"wp:attachment":[{"href":"https:\/\/akunq.net\/tr\/index.php?rest_route=%2Fwp%2Fv2%2Fmedia&parent=17064"}],"wp:term":[{"taxonomy":"category","embeddable":true,"href":"https:\/\/akunq.net\/tr\/index.php?rest_route=%2Fwp%2Fv2%2Fcategories&post=17064"},{"taxonomy":"post_tag","embeddable":true,"href":"https:\/\/akunq.net\/tr\/index.php?rest_route=%2Fwp%2Fv2%2Ftags&post=17064"}],"curies":[{"name":"wp","href":"https:\/\/api.w.org\/{rel}","templated":true}]}}