{"id":15897,"date":"2012-06-14T02:28:54","date_gmt":"2012-06-14T07:28:54","guid":{"rendered":"http:\/\/akunq.net\/tr\/?p=15897"},"modified":"2012-06-14T02:28:55","modified_gmt":"2012-06-14T07:28:55","slug":"valilik-kilise-restorasyonu-icin-belediyeden-arsa-satin-aldi","status":"publish","type":"post","link":"https:\/\/akunq.net\/tr\/?p=15897","title":{"rendered":"Valilik, Kilise Restorasyonu \u0130\u00e7in Belediyeden Arsa Sat\u0131n Ald\u0131"},"content":{"rendered":"<p style=\"text-align: justify;\"><strong><em><a href=\"http:\/\/akunq.net\/tr\/?attachment_id=15898\" rel=\"attachment wp-att-15898\"><img loading=\"lazy\" decoding=\"async\" class=\"alignright size-medium wp-image-15898\" title=\"Ermeni Ta\u015fhoron Kilisesi\" src=\"http:\/\/akunq.net\/tr\/wp-content\/uploads\/2012\/06\/Ermeni-Ta\u015fhoron-Kilisesi-300x155.jpg\" alt=\"\" width=\"300\" height=\"155\" srcset=\"https:\/\/akunq.net\/tr\/wp-content\/uploads\/sites\/6\/2012\/06\/Ermeni-Ta\u015fhoron-Kilisesi-300x155.jpg 300w, https:\/\/akunq.net\/tr\/wp-content\/uploads\/sites\/6\/2012\/06\/Ermeni-Ta\u015fhoron-Kilisesi.jpg 312w\" sizes=\"auto, (max-width: 300px) 100vw, 300px\" \/><\/a>Malatya Valili\u011fi, restorasyon \u00e7al\u0131\u015fmalar\u0131 s\u00fcren Ermeni Ta\u015fhoron Kilisesi&#8217;nin bulundu\u011fu belediyeye ait arsa pay\u0131n\u0131 sat\u0131n ald\u0131.<\/em><\/strong><strong><em><\/em><\/strong><\/p>\n<p style=\"text-align: justify;\">Al\u0131nan bilgiye g\u00f6re, \u00c7avu\u015fo\u011flu Mahallesi&#8217;nde bulanan Ta\u015fhoron Kilisesi&#8217;nin <a title=\"Malatya Haberleri\" href=\"http:\/\/haberler.com\/malatya\/\">Malatya<\/a> Belediyesi&#8217;ne ait 429 metrekarelik hissesine kamu yarar\u0131 karar\u0131 al\u0131narak, <a title=\"Malatya Haberleri\" href=\"http:\/\/haberler.com\/malatya\/\">Malatya<\/a> Belediyesi&#8217;nden 20 bin TL kar\u015f\u0131l\u0131\u011f\u0131nda \u0130l \u00d6zel \u0130daresi&#8217;ne devredildi. Restore edilmesi ve k\u00fclt\u00fcrel ama\u00e7l\u0131 kullan\u0131ma a\u00e7\u0131lmas\u0131 d\u00fc\u015f\u00fcn\u00fclen kilisenin arsas\u0131ndaki Belediyeye ait 429 metrekarelik b\u00f6l\u00fcm i\u00e7in 20 bin TL \u00f6dene\u011fin, Ta\u015f\u0131nmaz K\u00fclt\u00fcr Varl\u0131klar\u0131 katk\u0131 pay\u0131 hesab\u0131ndan <a title=\"Malatya Haberleri\" href=\"http:\/\/haberler.com\/malatya\/\">Malatya<\/a> Belediyesi&#8217;nin ilgili hesab\u0131na \u00f6dendi\u011fi \u00f6\u011frenildi.<\/p>\n<p style=\"text-align: justify;\"><strong><em>\u0130hlas Haber Ajans\u0131<\/em><\/strong><\/p>\n","protected":false},"excerpt":{"rendered":"<p>Malatya Valili\u011fi, restorasyon \u00e7al\u0131\u015fmalar\u0131 s\u00fcren Ermeni Ta\u015fhoron Kilisesi&#8217;nin bulundu\u011fu belediyeye ait arsa pay\u0131n\u0131 sat\u0131n ald\u0131. Al\u0131nan bilgiye g\u00f6re, \u00c7avu\u015fo\u011flu Mahallesi&#8217;nde bulanan Ta\u015fhoron Kilisesi&#8217;nin Malatya Belediyesi&#8217;ne ait 429 metrekarelik hissesine kamu yarar\u0131 karar\u0131 al\u0131narak, Malatya Belediyesi&#8217;nden 20 bin TL kar\u015f\u0131l\u0131\u011f\u0131nda \u0130l \u00d6zel \u0130daresi&#8217;ne devredildi. Restore edilmesi ve k\u00fclt\u00fcrel ama\u00e7l\u0131 kullan\u0131ma a\u00e7\u0131lmas\u0131 d\u00fc\u015f\u00fcn\u00fclen kilisenin arsas\u0131ndaki Belediyeye ait [&hellip;]<\/p>\n","protected":false},"author":7,"featured_media":15898,"comment_status":"open","ping_status":"open","sticky":false,"template":"","format":"standard","meta":{"footnotes":""},"categories":[22,1],"tags":[],"class_list":["post-15897","post","type-post","status-publish","format-standard","has-post-thumbnail","hentry","category-gunumuzde-bati-ermenistan","category-haberler"],"yoast_head":"<!-- This site is optimized with the Yoast SEO plugin v27.4 - https:\/\/yoast.com\/product\/yoast-seo-wordpress\/ -->\n<title>Valilik, Kilise Restorasyonu \u0130\u00e7in Belediyeden Arsa Sat\u0131n Ald\u0131 - Bati Ermenistan Ve Bati Ermenileri Sorunlari Ara\u015ftirmalar Merkezi<\/title>\n<meta name=\"robots\" content=\"index, follow, max-snippet:-1, max-image-preview:large, max-video-preview:-1\" \/>\n<link rel=\"canonical\" href=\"https:\/\/akunq.net\/tr\/?p=15897\" \/>\n<meta property=\"og:locale\" content=\"en_US\" \/>\n<meta property=\"og:type\" content=\"article\" \/>\n<meta property=\"og:title\" content=\"Valilik, Kilise Restorasyonu \u0130\u00e7in Belediyeden Arsa Sat\u0131n Ald\u0131 - Bati Ermenistan Ve Bati Ermenileri Sorunlari Ara\u015ftirmalar Merkezi\" \/>\n<meta property=\"og:description\" content=\"Malatya Valili\u011fi, restorasyon \u00e7al\u0131\u015fmalar\u0131 s\u00fcren Ermeni Ta\u015fhoron Kilisesi&#8217;nin bulundu\u011fu belediyeye ait arsa pay\u0131n\u0131 sat\u0131n ald\u0131. Al\u0131nan bilgiye g\u00f6re, \u00c7avu\u015fo\u011flu Mahallesi&#8217;nde bulanan Ta\u015fhoron Kilisesi&#8217;nin Malatya Belediyesi&#8217;ne ait 429 metrekarelik hissesine kamu yarar\u0131 karar\u0131 al\u0131narak, Malatya Belediyesi&#8217;nden 20 bin TL kar\u015f\u0131l\u0131\u011f\u0131nda \u0130l \u00d6zel \u0130daresi&#8217;ne devredildi. Restore edilmesi ve k\u00fclt\u00fcrel ama\u00e7l\u0131 kullan\u0131ma a\u00e7\u0131lmas\u0131 d\u00fc\u015f\u00fcn\u00fclen kilisenin arsas\u0131ndaki Belediyeye ait [&hellip;]\" \/>\n<meta property=\"og:url\" content=\"https:\/\/akunq.net\/tr\/?p=15897\" \/>\n<meta property=\"og:site_name\" content=\"Bati Ermenistan Ve Bati Ermenileri Sorunlari Ara\u015ftirmalar Merkezi\" \/>\n<meta property=\"article:published_time\" content=\"2012-06-14T07:28:54+00:00\" \/>\n<meta property=\"article:modified_time\" content=\"2012-06-14T07:28:55+00:00\" \/>\n<meta property=\"og:image\" content=\"https:\/\/akunq.net\/tr\/wp-content\/uploads\/sites\/6\/2012\/06\/Ermeni-Ta\u015fhoron-Kilisesi.jpg\" \/>\n\t<meta property=\"og:image:width\" content=\"312\" \/>\n\t<meta property=\"og:image:height\" content=\"162\" \/>\n\t<meta property=\"og:image:type\" content=\"image\/jpeg\" \/>\n<meta name=\"author\" content=\"admin\" \/>\n<meta name=\"twitter:card\" content=\"summary_large_image\" \/>\n<meta name=\"twitter:label1\" content=\"Written by\" \/>\n\t<meta name=\"twitter:data1\" content=\"admin\" \/>\n\t<meta name=\"twitter:label2\" content=\"Est. reading time\" \/>\n\t<meta name=\"twitter:data2\" content=\"1 minute\" \/>\n<script type=\"application\/ld+json\" class=\"yoast-schema-graph\">{\"@context\":\"https:\\\/\\\/schema.org\",\"@graph\":[{\"@type\":\"Article\",\"@id\":\"https:\\\/\\\/akunq.net\\\/tr\\\/?p=15897#article\",\"isPartOf\":{\"@id\":\"https:\\\/\\\/akunq.net\\\/tr\\\/?p=15897\"},\"author\":{\"name\":\"admin\",\"@id\":\"https:\\\/\\\/akunq.net\\\/tr\\\/#\\\/schema\\\/person\\\/096f1d38a12cce57fb855b485ed24c9e\"},\"headline\":\"Valilik, Kilise Restorasyonu \u0130\u00e7in Belediyeden Arsa Sat\u0131n Ald\u0131\",\"datePublished\":\"2012-06-14T07:28:54+00:00\",\"dateModified\":\"2012-06-14T07:28:55+00:00\",\"mainEntityOfPage\":{\"@id\":\"https:\\\/\\\/akunq.net\\\/tr\\\/?p=15897\"},\"wordCount\":117,\"commentCount\":0,\"image\":{\"@id\":\"https:\\\/\\\/akunq.net\\\/tr\\\/?p=15897#primaryimage\"},\"thumbnailUrl\":\"https:\\\/\\\/akunq.net\\\/tr\\\/wp-content\\\/uploads\\\/sites\\\/6\\\/2012\\\/06\\\/Ermeni-Ta\u015fhoron-Kilisesi.jpg\",\"articleSection\":[\"G\u00fcn\u00fcm\u00fczde Bat\u0131 Ermenistan\",\"Haberler\"],\"inLanguage\":\"en-US\",\"potentialAction\":[{\"@type\":\"CommentAction\",\"name\":\"Comment\",\"target\":[\"https:\\\/\\\/akunq.net\\\/tr\\\/?p=15897#respond\"]}]},{\"@type\":\"WebPage\",\"@id\":\"https:\\\/\\\/akunq.net\\\/tr\\\/?p=15897\",\"url\":\"https:\\\/\\\/akunq.net\\\/tr\\\/?p=15897\",\"name\":\"Valilik, Kilise Restorasyonu \u0130\u00e7in Belediyeden Arsa Sat\u0131n Ald\u0131 - Bati Ermenistan Ve Bati Ermenileri Sorunlari Ara\u015ftirmalar Merkezi\",\"isPartOf\":{\"@id\":\"https:\\\/\\\/akunq.net\\\/tr\\\/#website\"},\"primaryImageOfPage\":{\"@id\":\"https:\\\/\\\/akunq.net\\\/tr\\\/?p=15897#primaryimage\"},\"image\":{\"@id\":\"https:\\\/\\\/akunq.net\\\/tr\\\/?p=15897#primaryimage\"},\"thumbnailUrl\":\"https:\\\/\\\/akunq.net\\\/tr\\\/wp-content\\\/uploads\\\/sites\\\/6\\\/2012\\\/06\\\/Ermeni-Ta\u015fhoron-Kilisesi.jpg\",\"datePublished\":\"2012-06-14T07:28:54+00:00\",\"dateModified\":\"2012-06-14T07:28:55+00:00\",\"author\":{\"@id\":\"https:\\\/\\\/akunq.net\\\/tr\\\/#\\\/schema\\\/person\\\/096f1d38a12cce57fb855b485ed24c9e\"},\"breadcrumb\":{\"@id\":\"https:\\\/\\\/akunq.net\\\/tr\\\/?p=15897#breadcrumb\"},\"inLanguage\":\"en-US\",\"potentialAction\":[{\"@type\":\"ReadAction\",\"target\":[\"https:\\\/\\\/akunq.net\\\/tr\\\/?p=15897\"]}]},{\"@type\":\"ImageObject\",\"inLanguage\":\"en-US\",\"@id\":\"https:\\\/\\\/akunq.net\\\/tr\\\/?p=15897#primaryimage\",\"url\":\"https:\\\/\\\/akunq.net\\\/tr\\\/wp-content\\\/uploads\\\/sites\\\/6\\\/2012\\\/06\\\/Ermeni-Ta\u015fhoron-Kilisesi.jpg\",\"contentUrl\":\"https:\\\/\\\/akunq.net\\\/tr\\\/wp-content\\\/uploads\\\/sites\\\/6\\\/2012\\\/06\\\/Ermeni-Ta\u015fhoron-Kilisesi.jpg\",\"width\":\"312\",\"height\":\"162\"},{\"@type\":\"BreadcrumbList\",\"@id\":\"https:\\\/\\\/akunq.net\\\/tr\\\/?p=15897#breadcrumb\",\"itemListElement\":[{\"@type\":\"ListItem\",\"position\":1,\"name\":\"Home\",\"item\":\"https:\\\/\\\/akunq.net\\\/tr\"},{\"@type\":\"ListItem\",\"position\":2,\"name\":\"Valilik, Kilise Restorasyonu \u0130\u00e7in Belediyeden Arsa Sat\u0131n Ald\u0131\"}]},{\"@type\":\"WebSite\",\"@id\":\"https:\\\/\\\/akunq.net\\\/tr\\\/#website\",\"url\":\"https:\\\/\\\/akunq.net\\\/tr\\\/\",\"name\":\"Bati Ermenistan Ve Bati Ermenileri Sorunlari Ara\u015ftirmalar Merkezi\",\"description\":\"\",\"potentialAction\":[{\"@type\":\"SearchAction\",\"target\":{\"@type\":\"EntryPoint\",\"urlTemplate\":\"https:\\\/\\\/akunq.net\\\/tr\\\/?s={search_term_string}\"},\"query-input\":{\"@type\":\"PropertyValueSpecification\",\"valueRequired\":true,\"valueName\":\"search_term_string\"}}],\"inLanguage\":\"en-US\"},{\"@type\":\"Person\",\"@id\":\"https:\\\/\\\/akunq.net\\\/tr\\\/#\\\/schema\\\/person\\\/096f1d38a12cce57fb855b485ed24c9e\",\"name\":\"admin\",\"url\":\"https:\\\/\\\/akunq.net\\\/tr\\\/?author=7\"}]}<\/script>\n<!-- \/ Yoast SEO plugin. -->","yoast_head_json":{"title":"Valilik, Kilise Restorasyonu \u0130\u00e7in Belediyeden Arsa Sat\u0131n Ald\u0131 - Bati Ermenistan Ve Bati Ermenileri Sorunlari Ara\u015ftirmalar Merkezi","robots":{"index":"index","follow":"follow","max-snippet":"max-snippet:-1","max-image-preview":"max-image-preview:large","max-video-preview":"max-video-preview:-1"},"canonical":"https:\/\/akunq.net\/tr\/?p=15897","og_locale":"en_US","og_type":"article","og_title":"Valilik, Kilise Restorasyonu \u0130\u00e7in Belediyeden Arsa Sat\u0131n Ald\u0131 - Bati Ermenistan Ve Bati Ermenileri Sorunlari Ara\u015ftirmalar Merkezi","og_description":"Malatya Valili\u011fi, restorasyon \u00e7al\u0131\u015fmalar\u0131 s\u00fcren Ermeni Ta\u015fhoron Kilisesi&#8217;nin bulundu\u011fu belediyeye ait arsa pay\u0131n\u0131 sat\u0131n ald\u0131. Al\u0131nan bilgiye g\u00f6re, \u00c7avu\u015fo\u011flu Mahallesi&#8217;nde bulanan Ta\u015fhoron Kilisesi&#8217;nin Malatya Belediyesi&#8217;ne ait 429 metrekarelik hissesine kamu yarar\u0131 karar\u0131 al\u0131narak, Malatya Belediyesi&#8217;nden 20 bin TL kar\u015f\u0131l\u0131\u011f\u0131nda \u0130l \u00d6zel \u0130daresi&#8217;ne devredildi. Restore edilmesi ve k\u00fclt\u00fcrel ama\u00e7l\u0131 kullan\u0131ma a\u00e7\u0131lmas\u0131 d\u00fc\u015f\u00fcn\u00fclen kilisenin arsas\u0131ndaki Belediyeye ait [&hellip;]","og_url":"https:\/\/akunq.net\/tr\/?p=15897","og_site_name":"Bati Ermenistan Ve Bati Ermenileri Sorunlari Ara\u015ftirmalar Merkezi","article_published_time":"2012-06-14T07:28:54+00:00","article_modified_time":"2012-06-14T07:28:55+00:00","og_image":[{"width":312,"height":162,"url":"https:\/\/akunq.net\/tr\/wp-content\/uploads\/sites\/6\/2012\/06\/Ermeni-Ta\u015fhoron-Kilisesi.jpg","type":"image\/jpeg"}],"author":"admin","twitter_card":"summary_large_image","twitter_misc":{"Written by":"admin","Est. reading time":"1 minute"},"schema":{"@context":"https:\/\/schema.org","@graph":[{"@type":"Article","@id":"https:\/\/akunq.net\/tr\/?p=15897#article","isPartOf":{"@id":"https:\/\/akunq.net\/tr\/?p=15897"},"author":{"name":"admin","@id":"https:\/\/akunq.net\/tr\/#\/schema\/person\/096f1d38a12cce57fb855b485ed24c9e"},"headline":"Valilik, Kilise Restorasyonu \u0130\u00e7in Belediyeden Arsa Sat\u0131n Ald\u0131","datePublished":"2012-06-14T07:28:54+00:00","dateModified":"2012-06-14T07:28:55+00:00","mainEntityOfPage":{"@id":"https:\/\/akunq.net\/tr\/?p=15897"},"wordCount":117,"commentCount":0,"image":{"@id":"https:\/\/akunq.net\/tr\/?p=15897#primaryimage"},"thumbnailUrl":"https:\/\/akunq.net\/tr\/wp-content\/uploads\/sites\/6\/2012\/06\/Ermeni-Ta\u015fhoron-Kilisesi.jpg","articleSection":["G\u00fcn\u00fcm\u00fczde Bat\u0131 Ermenistan","Haberler"],"inLanguage":"en-US","potentialAction":[{"@type":"CommentAction","name":"Comment","target":["https:\/\/akunq.net\/tr\/?p=15897#respond"]}]},{"@type":"WebPage","@id":"https:\/\/akunq.net\/tr\/?p=15897","url":"https:\/\/akunq.net\/tr\/?p=15897","name":"Valilik, Kilise Restorasyonu \u0130\u00e7in Belediyeden Arsa Sat\u0131n Ald\u0131 - Bati Ermenistan Ve Bati Ermenileri Sorunlari Ara\u015ftirmalar Merkezi","isPartOf":{"@id":"https:\/\/akunq.net\/tr\/#website"},"primaryImageOfPage":{"@id":"https:\/\/akunq.net\/tr\/?p=15897#primaryimage"},"image":{"@id":"https:\/\/akunq.net\/tr\/?p=15897#primaryimage"},"thumbnailUrl":"https:\/\/akunq.net\/tr\/wp-content\/uploads\/sites\/6\/2012\/06\/Ermeni-Ta\u015fhoron-Kilisesi.jpg","datePublished":"2012-06-14T07:28:54+00:00","dateModified":"2012-06-14T07:28:55+00:00","author":{"@id":"https:\/\/akunq.net\/tr\/#\/schema\/person\/096f1d38a12cce57fb855b485ed24c9e"},"breadcrumb":{"@id":"https:\/\/akunq.net\/tr\/?p=15897#breadcrumb"},"inLanguage":"en-US","potentialAction":[{"@type":"ReadAction","target":["https:\/\/akunq.net\/tr\/?p=15897"]}]},{"@type":"ImageObject","inLanguage":"en-US","@id":"https:\/\/akunq.net\/tr\/?p=15897#primaryimage","url":"https:\/\/akunq.net\/tr\/wp-content\/uploads\/sites\/6\/2012\/06\/Ermeni-Ta\u015fhoron-Kilisesi.jpg","contentUrl":"https:\/\/akunq.net\/tr\/wp-content\/uploads\/sites\/6\/2012\/06\/Ermeni-Ta\u015fhoron-Kilisesi.jpg","width":"312","height":"162"},{"@type":"BreadcrumbList","@id":"https:\/\/akunq.net\/tr\/?p=15897#breadcrumb","itemListElement":[{"@type":"ListItem","position":1,"name":"Home","item":"https:\/\/akunq.net\/tr"},{"@type":"ListItem","position":2,"name":"Valilik, Kilise Restorasyonu \u0130\u00e7in Belediyeden Arsa Sat\u0131n Ald\u0131"}]},{"@type":"WebSite","@id":"https:\/\/akunq.net\/tr\/#website","url":"https:\/\/akunq.net\/tr\/","name":"Bati Ermenistan Ve Bati Ermenileri Sorunlari Ara\u015ftirmalar Merkezi","description":"","potentialAction":[{"@type":"SearchAction","target":{"@type":"EntryPoint","urlTemplate":"https:\/\/akunq.net\/tr\/?s={search_term_string}"},"query-input":{"@type":"PropertyValueSpecification","valueRequired":true,"valueName":"search_term_string"}}],"inLanguage":"en-US"},{"@type":"Person","@id":"https:\/\/akunq.net\/tr\/#\/schema\/person\/096f1d38a12cce57fb855b485ed24c9e","name":"admin","url":"https:\/\/akunq.net\/tr\/?author=7"}]}},"_links":{"self":[{"href":"https:\/\/akunq.net\/tr\/index.php?rest_route=\/wp\/v2\/posts\/15897","targetHints":{"allow":["GET"]}}],"collection":[{"href":"https:\/\/akunq.net\/tr\/index.php?rest_route=\/wp\/v2\/posts"}],"about":[{"href":"https:\/\/akunq.net\/tr\/index.php?rest_route=\/wp\/v2\/types\/post"}],"author":[{"embeddable":true,"href":"https:\/\/akunq.net\/tr\/index.php?rest_route=\/wp\/v2\/users\/7"}],"replies":[{"embeddable":true,"href":"https:\/\/akunq.net\/tr\/index.php?rest_route=%2Fwp%2Fv2%2Fcomments&post=15897"}],"version-history":[{"count":3,"href":"https:\/\/akunq.net\/tr\/index.php?rest_route=\/wp\/v2\/posts\/15897\/revisions"}],"predecessor-version":[{"id":15901,"href":"https:\/\/akunq.net\/tr\/index.php?rest_route=\/wp\/v2\/posts\/15897\/revisions\/15901"}],"wp:featuredmedia":[{"embeddable":true,"href":"https:\/\/akunq.net\/tr\/index.php?rest_route=\/wp\/v2\/media\/15898"}],"wp:attachment":[{"href":"https:\/\/akunq.net\/tr\/index.php?rest_route=%2Fwp%2Fv2%2Fmedia&parent=15897"}],"wp:term":[{"taxonomy":"category","embeddable":true,"href":"https:\/\/akunq.net\/tr\/index.php?rest_route=%2Fwp%2Fv2%2Fcategories&post=15897"},{"taxonomy":"post_tag","embeddable":true,"href":"https:\/\/akunq.net\/tr\/index.php?rest_route=%2Fwp%2Fv2%2Ftags&post=15897"}],"curies":[{"name":"wp","href":"https:\/\/api.w.org\/{rel}","templated":true}]}}