{"id":15184,"date":"2012-05-22T02:24:20","date_gmt":"2012-05-22T07:24:20","guid":{"rendered":"http:\/\/akunq.net\/tr\/?p=15184"},"modified":"2012-05-22T02:24:20","modified_gmt":"2012-05-22T07:24:20","slug":"200-gun-sonra-vanda-son-durum","status":"publish","type":"post","link":"https:\/\/akunq.net\/tr\/?p=15184","title":{"rendered":"200 g\u00fcn sonra Van&#8217;da son durum"},"content":{"rendered":"<p style=\"text-align: justify;\" align=\"center\"><strong><em><a href=\"http:\/\/akunq.net\/tr\/?attachment_id=15185\" rel=\"attachment wp-att-15185\"><img loading=\"lazy\" decoding=\"async\" class=\"alignright size-medium wp-image-15185\" title=\"\u054e\u0561\u0576\u0568 \u057e\u0565\u0580\u0561\u056e\u057e\u0565\u056c \u0567 \u056f\u0578\u0576\u057f\u0565\u0575\u0576\u0565\u0580\u0561\u0575\u056b\u0576 \u0584\u0561\u0572\u0561\u0584\u056b\" src=\"http:\/\/akunq.net\/tr\/wp-content\/uploads\/2012\/05\/\u054e\u0561\u0576\u0568-\u057e\u0565\u0580\u0561\u056e\u057e\u0565\u056c-\u0567-\u056f\u0578\u0576\u057f\u0565\u0575\u0576\u0565\u0580\u0561\u0575\u056b\u0576-\u0584\u0561\u0572\u0561\u0584\u056b-300x154.jpg\" alt=\"\" width=\"300\" height=\"154\" srcset=\"https:\/\/akunq.net\/tr\/wp-content\/uploads\/sites\/6\/2012\/05\/\u054e\u0561\u0576\u0568-\u057e\u0565\u0580\u0561\u056e\u057e\u0565\u056c-\u0567-\u056f\u0578\u0576\u057f\u0565\u0575\u0576\u0565\u0580\u0561\u0575\u056b\u0576-\u0584\u0561\u0572\u0561\u0584\u056b-300x154.jpg 300w, https:\/\/akunq.net\/tr\/wp-content\/uploads\/sites\/6\/2012\/05\/\u054e\u0561\u0576\u0568-\u057e\u0565\u0580\u0561\u056e\u057e\u0565\u056c-\u0567-\u056f\u0578\u0576\u057f\u0565\u0575\u0576\u0565\u0580\u0561\u0575\u056b\u0576-\u0584\u0561\u0572\u0561\u0584\u056b.jpg 312w\" sizes=\"auto, (max-width: 300px) 100vw, 300px\" \/><\/a>Van depreminin \u00fczerinden tam 200 g\u00fcn ge\u00e7ti. 200 g\u00fcnde neler oldu? Afet yaralar\u0131 ne \u00f6l\u00e7\u00fcde sar\u0131labildi ? \u0130\u015fte 200 g\u00fcn sonra Van&#8217;daki son tablo. <\/em><\/strong><em><\/em><\/p>\n<p style=\"text-align: justify;\">\u015eiddeti, Hiro\u015fima&#8217;ya at\u0131lan 37 atom bombas\u0131na e\u015fit. AFAD, Van depremini b\u00f6yle tarif ediyor. 23 Ekim&#8217;de 7.2&#8217;lik depremi atlatmaya \u00e7al\u0131\u015f\u0131rken Van, 9 Kas\u0131m&#8217;da 5.6&#8217;l\u0131k yeni bir depremlerle sars\u0131ld\u0131.<\/p>\n<p style=\"text-align: justify;\">Her afetin sonras\u0131 hayata tutunmak zordur. Ama bu sefer afet k\u0131\u015f aylar\u0131nda dondurucu so\u011fuklar\u0131n ya\u015fand\u0131\u011f\u0131 Van&#8217;da olunca zorluklar ikiye katland\u0131. Kara k\u0131\u015f \u00e7ad\u0131rlarda ge\u00e7irildi. 7400 \u00e7ad\u0131ra yakla\u015f\u0131k 25 bin ki\u015fi k\u0131\u015fa kar\u015f\u0131 ya\u015fam sava\u015f\u0131 verdi. Binlerce Vanl\u0131 memleketini terk etti.<br \/>\n\u00a0<br \/>\n\u015eubat ay\u0131nda t\u00fcm \u00e7ad\u0131rkentler kapat\u0131ld\u0131. \u015eimdi Van&#8217;da 35 konteyn\u0131rkentte 175 bin ki\u015fi ya\u015f\u0131yor. 21 metrekare konteyn\u0131rlar evleri, konteyn\u0131rkentlerse mahalleri olmu\u015f durumda.<\/p>\n<p style=\"text-align: justify;\">\u015eimdi beklenen <a href=\"http:\/\/www.cnnturk.com\/guncel.konular\/toki\/398\/index.html\">TOK\u0130<\/a>&#8216;nin yapt\u0131\u011f\u0131 kal\u0131c\u0131 konutlar\u0131n tamamlanmas\u0131.15 bin konutun temeli at\u0131ld\u0131, toplam 22 bin konut yap\u0131lmas\u0131 planlan\u0131yor.<\/p>\n<p style=\"text-align: justify;\" align=\"left\"><strong><em>Ezgi Cankurtaran <\/em><\/strong><\/p>\n<p style=\"text-align: justify;\" align=\"left\"><strong><em>http:\/\/www.cnnturk.com\/2012\/turkiye\/05\/21\/200.gun.sonra.vanda.son.durum\/661819.0\/index.html<\/em><\/strong><strong><em><\/em><\/strong><\/p>\n","protected":false},"excerpt":{"rendered":"<p>Van depreminin \u00fczerinden tam 200 g\u00fcn ge\u00e7ti. 200 g\u00fcnde neler oldu? Afet yaralar\u0131 ne \u00f6l\u00e7\u00fcde sar\u0131labildi ? \u0130\u015fte 200 g\u00fcn sonra Van&#8217;daki son tablo. \u015eiddeti, Hiro\u015fima&#8217;ya at\u0131lan 37 atom bombas\u0131na e\u015fit. AFAD, Van depremini b\u00f6yle tarif ediyor. 23 Ekim&#8217;de 7.2&#8217;lik depremi atlatmaya \u00e7al\u0131\u015f\u0131rken Van, 9 Kas\u0131m&#8217;da 5.6&#8217;l\u0131k yeni bir depremlerle sars\u0131ld\u0131. Her afetin sonras\u0131 hayata [&hellip;]<\/p>\n","protected":false},"author":7,"featured_media":15185,"comment_status":"open","ping_status":"open","sticky":false,"template":"","format":"standard","meta":{"footnotes":""},"categories":[22,1],"tags":[],"class_list":["post-15184","post","type-post","status-publish","format-standard","has-post-thumbnail","hentry","category-gunumuzde-bati-ermenistan","category-haberler"],"yoast_head":"<!-- This site is optimized with the Yoast SEO plugin v27.4 - https:\/\/yoast.com\/product\/yoast-seo-wordpress\/ -->\n<title>200 g\u00fcn sonra Van&#039;da son durum - Bati Ermenistan Ve Bati Ermenileri Sorunlari Ara\u015ftirmalar Merkezi<\/title>\n<meta name=\"robots\" content=\"index, follow, max-snippet:-1, max-image-preview:large, max-video-preview:-1\" \/>\n<link rel=\"canonical\" href=\"https:\/\/akunq.net\/tr\/?p=15184\" \/>\n<meta property=\"og:locale\" content=\"en_US\" \/>\n<meta property=\"og:type\" content=\"article\" \/>\n<meta property=\"og:title\" content=\"200 g\u00fcn sonra Van&#039;da son durum - Bati Ermenistan Ve Bati Ermenileri Sorunlari Ara\u015ftirmalar Merkezi\" \/>\n<meta property=\"og:description\" content=\"Van depreminin \u00fczerinden tam 200 g\u00fcn ge\u00e7ti. 200 g\u00fcnde neler oldu? Afet yaralar\u0131 ne \u00f6l\u00e7\u00fcde sar\u0131labildi ? \u0130\u015fte 200 g\u00fcn sonra Van&#8217;daki son tablo. \u015eiddeti, Hiro\u015fima&#8217;ya at\u0131lan 37 atom bombas\u0131na e\u015fit. AFAD, Van depremini b\u00f6yle tarif ediyor. 23 Ekim&#8217;de 7.2&#8217;lik depremi atlatmaya \u00e7al\u0131\u015f\u0131rken Van, 9 Kas\u0131m&#8217;da 5.6&#8217;l\u0131k yeni bir depremlerle sars\u0131ld\u0131. Her afetin sonras\u0131 hayata [&hellip;]\" \/>\n<meta property=\"og:url\" content=\"https:\/\/akunq.net\/tr\/?p=15184\" \/>\n<meta property=\"og:site_name\" content=\"Bati Ermenistan Ve Bati Ermenileri Sorunlari Ara\u015ftirmalar Merkezi\" \/>\n<meta property=\"article:published_time\" content=\"2012-05-22T07:24:20+00:00\" \/>\n<meta property=\"og:image\" content=\"https:\/\/akunq.net\/tr\/wp-content\/uploads\/sites\/6\/2012\/05\/\u054e\u0561\u0576\u0568-\u057e\u0565\u0580\u0561\u056e\u057e\u0565\u056c-\u0567-\u056f\u0578\u0576\u057f\u0565\u0575\u0576\u0565\u0580\u0561\u0575\u056b\u0576-\u0584\u0561\u0572\u0561\u0584\u056b.jpg\" \/>\n\t<meta property=\"og:image:width\" content=\"312\" \/>\n\t<meta property=\"og:image:height\" content=\"161\" \/>\n\t<meta property=\"og:image:type\" content=\"image\/jpeg\" \/>\n<meta name=\"author\" content=\"admin\" \/>\n<meta name=\"twitter:card\" content=\"summary_large_image\" \/>\n<meta name=\"twitter:label1\" content=\"Written by\" \/>\n\t<meta name=\"twitter:data1\" content=\"admin\" \/>\n\t<meta name=\"twitter:label2\" content=\"Est. reading time\" \/>\n\t<meta name=\"twitter:data2\" content=\"1 minute\" \/>\n<script type=\"application\/ld+json\" class=\"yoast-schema-graph\">{\"@context\":\"https:\\\/\\\/schema.org\",\"@graph\":[{\"@type\":\"Article\",\"@id\":\"https:\\\/\\\/akunq.net\\\/tr\\\/?p=15184#article\",\"isPartOf\":{\"@id\":\"https:\\\/\\\/akunq.net\\\/tr\\\/?p=15184\"},\"author\":{\"name\":\"admin\",\"@id\":\"https:\\\/\\\/akunq.net\\\/tr\\\/#\\\/schema\\\/person\\\/096f1d38a12cce57fb855b485ed24c9e\"},\"headline\":\"200 g\u00fcn sonra Van&#8217;da son durum\",\"datePublished\":\"2012-05-22T07:24:20+00:00\",\"mainEntityOfPage\":{\"@id\":\"https:\\\/\\\/akunq.net\\\/tr\\\/?p=15184\"},\"wordCount\":177,\"commentCount\":0,\"image\":{\"@id\":\"https:\\\/\\\/akunq.net\\\/tr\\\/?p=15184#primaryimage\"},\"thumbnailUrl\":\"https:\\\/\\\/akunq.net\\\/tr\\\/wp-content\\\/uploads\\\/sites\\\/6\\\/2012\\\/05\\\/\u054e\u0561\u0576\u0568-\u057e\u0565\u0580\u0561\u056e\u057e\u0565\u056c-\u0567-\u056f\u0578\u0576\u057f\u0565\u0575\u0576\u0565\u0580\u0561\u0575\u056b\u0576-\u0584\u0561\u0572\u0561\u0584\u056b.jpg\",\"articleSection\":[\"G\u00fcn\u00fcm\u00fczde Bat\u0131 Ermenistan\",\"Haberler\"],\"inLanguage\":\"en-US\",\"potentialAction\":[{\"@type\":\"CommentAction\",\"name\":\"Comment\",\"target\":[\"https:\\\/\\\/akunq.net\\\/tr\\\/?p=15184#respond\"]}]},{\"@type\":\"WebPage\",\"@id\":\"https:\\\/\\\/akunq.net\\\/tr\\\/?p=15184\",\"url\":\"https:\\\/\\\/akunq.net\\\/tr\\\/?p=15184\",\"name\":\"200 g\u00fcn sonra Van'da son durum - Bati Ermenistan Ve Bati Ermenileri Sorunlari Ara\u015ftirmalar Merkezi\",\"isPartOf\":{\"@id\":\"https:\\\/\\\/akunq.net\\\/tr\\\/#website\"},\"primaryImageOfPage\":{\"@id\":\"https:\\\/\\\/akunq.net\\\/tr\\\/?p=15184#primaryimage\"},\"image\":{\"@id\":\"https:\\\/\\\/akunq.net\\\/tr\\\/?p=15184#primaryimage\"},\"thumbnailUrl\":\"https:\\\/\\\/akunq.net\\\/tr\\\/wp-content\\\/uploads\\\/sites\\\/6\\\/2012\\\/05\\\/\u054e\u0561\u0576\u0568-\u057e\u0565\u0580\u0561\u056e\u057e\u0565\u056c-\u0567-\u056f\u0578\u0576\u057f\u0565\u0575\u0576\u0565\u0580\u0561\u0575\u056b\u0576-\u0584\u0561\u0572\u0561\u0584\u056b.jpg\",\"datePublished\":\"2012-05-22T07:24:20+00:00\",\"author\":{\"@id\":\"https:\\\/\\\/akunq.net\\\/tr\\\/#\\\/schema\\\/person\\\/096f1d38a12cce57fb855b485ed24c9e\"},\"breadcrumb\":{\"@id\":\"https:\\\/\\\/akunq.net\\\/tr\\\/?p=15184#breadcrumb\"},\"inLanguage\":\"en-US\",\"potentialAction\":[{\"@type\":\"ReadAction\",\"target\":[\"https:\\\/\\\/akunq.net\\\/tr\\\/?p=15184\"]}]},{\"@type\":\"ImageObject\",\"inLanguage\":\"en-US\",\"@id\":\"https:\\\/\\\/akunq.net\\\/tr\\\/?p=15184#primaryimage\",\"url\":\"https:\\\/\\\/akunq.net\\\/tr\\\/wp-content\\\/uploads\\\/sites\\\/6\\\/2012\\\/05\\\/\u054e\u0561\u0576\u0568-\u057e\u0565\u0580\u0561\u056e\u057e\u0565\u056c-\u0567-\u056f\u0578\u0576\u057f\u0565\u0575\u0576\u0565\u0580\u0561\u0575\u056b\u0576-\u0584\u0561\u0572\u0561\u0584\u056b.jpg\",\"contentUrl\":\"https:\\\/\\\/akunq.net\\\/tr\\\/wp-content\\\/uploads\\\/sites\\\/6\\\/2012\\\/05\\\/\u054e\u0561\u0576\u0568-\u057e\u0565\u0580\u0561\u056e\u057e\u0565\u056c-\u0567-\u056f\u0578\u0576\u057f\u0565\u0575\u0576\u0565\u0580\u0561\u0575\u056b\u0576-\u0584\u0561\u0572\u0561\u0584\u056b.jpg\",\"width\":\"312\",\"height\":\"161\"},{\"@type\":\"BreadcrumbList\",\"@id\":\"https:\\\/\\\/akunq.net\\\/tr\\\/?p=15184#breadcrumb\",\"itemListElement\":[{\"@type\":\"ListItem\",\"position\":1,\"name\":\"Home\",\"item\":\"https:\\\/\\\/akunq.net\\\/tr\"},{\"@type\":\"ListItem\",\"position\":2,\"name\":\"200 g\u00fcn sonra Van&#8217;da son durum\"}]},{\"@type\":\"WebSite\",\"@id\":\"https:\\\/\\\/akunq.net\\\/tr\\\/#website\",\"url\":\"https:\\\/\\\/akunq.net\\\/tr\\\/\",\"name\":\"Bati Ermenistan Ve Bati Ermenileri Sorunlari Ara\u015ftirmalar Merkezi\",\"description\":\"\",\"potentialAction\":[{\"@type\":\"SearchAction\",\"target\":{\"@type\":\"EntryPoint\",\"urlTemplate\":\"https:\\\/\\\/akunq.net\\\/tr\\\/?s={search_term_string}\"},\"query-input\":{\"@type\":\"PropertyValueSpecification\",\"valueRequired\":true,\"valueName\":\"search_term_string\"}}],\"inLanguage\":\"en-US\"},{\"@type\":\"Person\",\"@id\":\"https:\\\/\\\/akunq.net\\\/tr\\\/#\\\/schema\\\/person\\\/096f1d38a12cce57fb855b485ed24c9e\",\"name\":\"admin\",\"url\":\"https:\\\/\\\/akunq.net\\\/tr\\\/?author=7\"}]}<\/script>\n<!-- \/ Yoast SEO plugin. -->","yoast_head_json":{"title":"200 g\u00fcn sonra Van'da son durum - Bati Ermenistan Ve Bati Ermenileri Sorunlari Ara\u015ftirmalar Merkezi","robots":{"index":"index","follow":"follow","max-snippet":"max-snippet:-1","max-image-preview":"max-image-preview:large","max-video-preview":"max-video-preview:-1"},"canonical":"https:\/\/akunq.net\/tr\/?p=15184","og_locale":"en_US","og_type":"article","og_title":"200 g\u00fcn sonra Van'da son durum - Bati Ermenistan Ve Bati Ermenileri Sorunlari Ara\u015ftirmalar Merkezi","og_description":"Van depreminin \u00fczerinden tam 200 g\u00fcn ge\u00e7ti. 200 g\u00fcnde neler oldu? Afet yaralar\u0131 ne \u00f6l\u00e7\u00fcde sar\u0131labildi ? \u0130\u015fte 200 g\u00fcn sonra Van&#8217;daki son tablo. \u015eiddeti, Hiro\u015fima&#8217;ya at\u0131lan 37 atom bombas\u0131na e\u015fit. AFAD, Van depremini b\u00f6yle tarif ediyor. 23 Ekim&#8217;de 7.2&#8217;lik depremi atlatmaya \u00e7al\u0131\u015f\u0131rken Van, 9 Kas\u0131m&#8217;da 5.6&#8217;l\u0131k yeni bir depremlerle sars\u0131ld\u0131. Her afetin sonras\u0131 hayata [&hellip;]","og_url":"https:\/\/akunq.net\/tr\/?p=15184","og_site_name":"Bati Ermenistan Ve Bati Ermenileri Sorunlari Ara\u015ftirmalar Merkezi","article_published_time":"2012-05-22T07:24:20+00:00","og_image":[{"width":312,"height":161,"url":"https:\/\/akunq.net\/tr\/wp-content\/uploads\/sites\/6\/2012\/05\/\u054e\u0561\u0576\u0568-\u057e\u0565\u0580\u0561\u056e\u057e\u0565\u056c-\u0567-\u056f\u0578\u0576\u057f\u0565\u0575\u0576\u0565\u0580\u0561\u0575\u056b\u0576-\u0584\u0561\u0572\u0561\u0584\u056b.jpg","type":"image\/jpeg"}],"author":"admin","twitter_card":"summary_large_image","twitter_misc":{"Written by":"admin","Est. reading time":"1 minute"},"schema":{"@context":"https:\/\/schema.org","@graph":[{"@type":"Article","@id":"https:\/\/akunq.net\/tr\/?p=15184#article","isPartOf":{"@id":"https:\/\/akunq.net\/tr\/?p=15184"},"author":{"name":"admin","@id":"https:\/\/akunq.net\/tr\/#\/schema\/person\/096f1d38a12cce57fb855b485ed24c9e"},"headline":"200 g\u00fcn sonra Van&#8217;da son durum","datePublished":"2012-05-22T07:24:20+00:00","mainEntityOfPage":{"@id":"https:\/\/akunq.net\/tr\/?p=15184"},"wordCount":177,"commentCount":0,"image":{"@id":"https:\/\/akunq.net\/tr\/?p=15184#primaryimage"},"thumbnailUrl":"https:\/\/akunq.net\/tr\/wp-content\/uploads\/sites\/6\/2012\/05\/\u054e\u0561\u0576\u0568-\u057e\u0565\u0580\u0561\u056e\u057e\u0565\u056c-\u0567-\u056f\u0578\u0576\u057f\u0565\u0575\u0576\u0565\u0580\u0561\u0575\u056b\u0576-\u0584\u0561\u0572\u0561\u0584\u056b.jpg","articleSection":["G\u00fcn\u00fcm\u00fczde Bat\u0131 Ermenistan","Haberler"],"inLanguage":"en-US","potentialAction":[{"@type":"CommentAction","name":"Comment","target":["https:\/\/akunq.net\/tr\/?p=15184#respond"]}]},{"@type":"WebPage","@id":"https:\/\/akunq.net\/tr\/?p=15184","url":"https:\/\/akunq.net\/tr\/?p=15184","name":"200 g\u00fcn sonra Van'da son durum - Bati Ermenistan Ve Bati Ermenileri Sorunlari Ara\u015ftirmalar Merkezi","isPartOf":{"@id":"https:\/\/akunq.net\/tr\/#website"},"primaryImageOfPage":{"@id":"https:\/\/akunq.net\/tr\/?p=15184#primaryimage"},"image":{"@id":"https:\/\/akunq.net\/tr\/?p=15184#primaryimage"},"thumbnailUrl":"https:\/\/akunq.net\/tr\/wp-content\/uploads\/sites\/6\/2012\/05\/\u054e\u0561\u0576\u0568-\u057e\u0565\u0580\u0561\u056e\u057e\u0565\u056c-\u0567-\u056f\u0578\u0576\u057f\u0565\u0575\u0576\u0565\u0580\u0561\u0575\u056b\u0576-\u0584\u0561\u0572\u0561\u0584\u056b.jpg","datePublished":"2012-05-22T07:24:20+00:00","author":{"@id":"https:\/\/akunq.net\/tr\/#\/schema\/person\/096f1d38a12cce57fb855b485ed24c9e"},"breadcrumb":{"@id":"https:\/\/akunq.net\/tr\/?p=15184#breadcrumb"},"inLanguage":"en-US","potentialAction":[{"@type":"ReadAction","target":["https:\/\/akunq.net\/tr\/?p=15184"]}]},{"@type":"ImageObject","inLanguage":"en-US","@id":"https:\/\/akunq.net\/tr\/?p=15184#primaryimage","url":"https:\/\/akunq.net\/tr\/wp-content\/uploads\/sites\/6\/2012\/05\/\u054e\u0561\u0576\u0568-\u057e\u0565\u0580\u0561\u056e\u057e\u0565\u056c-\u0567-\u056f\u0578\u0576\u057f\u0565\u0575\u0576\u0565\u0580\u0561\u0575\u056b\u0576-\u0584\u0561\u0572\u0561\u0584\u056b.jpg","contentUrl":"https:\/\/akunq.net\/tr\/wp-content\/uploads\/sites\/6\/2012\/05\/\u054e\u0561\u0576\u0568-\u057e\u0565\u0580\u0561\u056e\u057e\u0565\u056c-\u0567-\u056f\u0578\u0576\u057f\u0565\u0575\u0576\u0565\u0580\u0561\u0575\u056b\u0576-\u0584\u0561\u0572\u0561\u0584\u056b.jpg","width":"312","height":"161"},{"@type":"BreadcrumbList","@id":"https:\/\/akunq.net\/tr\/?p=15184#breadcrumb","itemListElement":[{"@type":"ListItem","position":1,"name":"Home","item":"https:\/\/akunq.net\/tr"},{"@type":"ListItem","position":2,"name":"200 g\u00fcn sonra Van&#8217;da son durum"}]},{"@type":"WebSite","@id":"https:\/\/akunq.net\/tr\/#website","url":"https:\/\/akunq.net\/tr\/","name":"Bati Ermenistan Ve Bati Ermenileri Sorunlari Ara\u015ftirmalar Merkezi","description":"","potentialAction":[{"@type":"SearchAction","target":{"@type":"EntryPoint","urlTemplate":"https:\/\/akunq.net\/tr\/?s={search_term_string}"},"query-input":{"@type":"PropertyValueSpecification","valueRequired":true,"valueName":"search_term_string"}}],"inLanguage":"en-US"},{"@type":"Person","@id":"https:\/\/akunq.net\/tr\/#\/schema\/person\/096f1d38a12cce57fb855b485ed24c9e","name":"admin","url":"https:\/\/akunq.net\/tr\/?author=7"}]}},"_links":{"self":[{"href":"https:\/\/akunq.net\/tr\/index.php?rest_route=\/wp\/v2\/posts\/15184","targetHints":{"allow":["GET"]}}],"collection":[{"href":"https:\/\/akunq.net\/tr\/index.php?rest_route=\/wp\/v2\/posts"}],"about":[{"href":"https:\/\/akunq.net\/tr\/index.php?rest_route=\/wp\/v2\/types\/post"}],"author":[{"embeddable":true,"href":"https:\/\/akunq.net\/tr\/index.php?rest_route=\/wp\/v2\/users\/7"}],"replies":[{"embeddable":true,"href":"https:\/\/akunq.net\/tr\/index.php?rest_route=%2Fwp%2Fv2%2Fcomments&post=15184"}],"version-history":[{"count":3,"href":"https:\/\/akunq.net\/tr\/index.php?rest_route=\/wp\/v2\/posts\/15184\/revisions"}],"predecessor-version":[{"id":15188,"href":"https:\/\/akunq.net\/tr\/index.php?rest_route=\/wp\/v2\/posts\/15184\/revisions\/15188"}],"wp:featuredmedia":[{"embeddable":true,"href":"https:\/\/akunq.net\/tr\/index.php?rest_route=\/wp\/v2\/media\/15185"}],"wp:attachment":[{"href":"https:\/\/akunq.net\/tr\/index.php?rest_route=%2Fwp%2Fv2%2Fmedia&parent=15184"}],"wp:term":[{"taxonomy":"category","embeddable":true,"href":"https:\/\/akunq.net\/tr\/index.php?rest_route=%2Fwp%2Fv2%2Fcategories&post=15184"},{"taxonomy":"post_tag","embeddable":true,"href":"https:\/\/akunq.net\/tr\/index.php?rest_route=%2Fwp%2Fv2%2Ftags&post=15184"}],"curies":[{"name":"wp","href":"https:\/\/api.w.org\/{rel}","templated":true}]}}