{"id":10543,"date":"2011-12-13T03:22:47","date_gmt":"2011-12-13T08:22:47","guid":{"rendered":"http:\/\/akunq.net\/tr\/?p=10543"},"modified":"2011-12-13T03:22:47","modified_gmt":"2011-12-13T08:22:47","slug":"vandaki-yerlesim-bolgesi-depremsellik-acisindan-tehlikeli","status":"publish","type":"post","link":"https:\/\/akunq.net\/tr\/?p=10543","title":{"rendered":"VAN&#8217;DAK\u0130 YERLE\u015e\u0130M B\u00d6LGES\u0130 DEPREMSELL\u0130K A\u00c7ISINDAN TEHL\u0130KEL\u0130"},"content":{"rendered":"<p style=\"text-align: justify;\" align=\"center\"><strong><a href=\"http:\/\/akunq.net\/tr\/?attachment_id=10544\" rel=\"attachment wp-att-10544\"><img loading=\"lazy\" decoding=\"async\" class=\"alignleft size-medium wp-image-10544\" title=\"Van\" src=\"http:\/\/akunq.net\/tr\/wp-content\/uploads\/2011\/12\/Van-300x225.jpg\" alt=\"\" width=\"300\" height=\"225\" srcset=\"https:\/\/akunq.net\/tr\/wp-content\/uploads\/sites\/6\/2011\/12\/Van-300x225.jpg 300w, https:\/\/akunq.net\/tr\/wp-content\/uploads\/sites\/6\/2011\/12\/Van-600x450.jpg 600w, https:\/\/akunq.net\/tr\/wp-content\/uploads\/sites\/6\/2011\/12\/Van.jpg 1600w\" sizes=\"auto, (max-width: 300px) 100vw, 300px\" \/><\/a>Van Y\u00fcz\u00fcnc\u00fc Y\u0131l \u00dcniversitesi (YY\u00dc) Mimarl\u0131k M\u00fchendislik Fak\u00fcltesi \u0130n\u015faat M\u00fchendisli\u011fi Hidrolik Anabilim Dal\u0131 Ba\u015fkan\u0131 Dr. Ahmet Hamdi Orhan, Van&#8217;\u0131n yerle\u015fim yerinin depremsellik a\u00e7\u0131s\u0131ndan tehlike arz etti\u011fini s\u00f6yledi. <\/strong><\/p>\n<p style=\"text-align: justify;\"><strong>VAN&#8217;DAK\u0130 YERLE\u015e\u0130M B\u00d6LGES\u0130 DEPREMSELL\u0130K A\u00c7ISINDAN TEHL\u0130KEL\u0130<\/strong><\/p>\n<p style=\"text-align: justify;\"><strong>YY\u00dc M\u0130MARLIK M\u00dcHEND\u0130SL\u0130K FAK\u00dcLTES\u0130 \u0130N\u015eAAT M\u00dcHEND\u0130SL\u0130\u011e\u0130 H\u0130DROL\u0130K ANAB\u0130L\u0130M DALI BA\u015eKANI DR. AHMET HAMD\u0130 ORHAN:<\/strong><\/p>\n<p style=\"text-align: justify;\"><strong>&#8220;VAN&#8217;IN YERLE\u015e\u0130M YER\u0130 S\u00dcREKL\u0130 HAREKET HAL\u0130NDE&#8221;<\/strong><\/p>\n<p style=\"text-align: justify;\"><strong>&#8220;YEN\u0130 \u015eEHR\u0130N EDREM\u0130T \u0130L\u00c7ES\u0130N\u0130N ARKA KISMINDA BULUNAN BO\u015e ALANA KURULMASINI \u00d6NER\u0130YORUZ&#8221;<\/strong><\/p>\n<p style=\"text-align: justify;\"><strong>Van Y\u00fcz\u00fcnc\u00fc Y\u0131l \u00dcniversitesi (YY\u00dc) Mimarl\u0131k M\u00fchendislik Fak\u00fcltesi \u0130n\u015faat M\u00fchendisli\u011fi Hidrolik Anabilim Dal\u0131 Ba\u015fkan\u0131 Dr. Ahmet Hamdi Orhan, Van&#8217;\u0131n yerle\u015fim yerinin depremsellik a\u00e7\u0131s\u0131ndan tehlike arz etti\u011fini s\u00f6yledi. <\/strong><\/p>\n<p style=\"text-align: justify;\">Van&#8217;da meydana gelen 7.2 ve 5.6 b\u00fcy\u00fckl\u00fc\u011f\u00fcndeki depremlerin ard\u0131ndan Van&#8217;\u0131n yerle\u015fim yerinin de\u011fi\u015fip de\u011fi\u015fmeyece\u011fi konusunun g\u00fcndeme geldi\u011fini hat\u0131rlatan Van YY\u00dc Mimarl\u0131k M\u00fchendislik Fak\u00fcltesi \u0130n\u015faat M\u00fchendisli\u011fi Hidrolik Anabilim Dal\u0131 Ba\u015fkan\u0131 Dr. Ahmet Hamdi Orhan, Van&#8217;\u0131n yerle\u015fim yerinin s\u00fcrekli hareket halinde oldu\u011funu s\u00f6yledi.<\/p>\n<p style=\"text-align: justify;\">Orhan, bu tehlikeyle ilgili yapt\u0131\u011f\u0131 \u00e7al\u0131\u015fmalar sonras\u0131 haz\u0131rlad\u0131\u011f\u0131 raporlar\u0131 yerel y\u00f6netimlere sundu\u011funu ancak dikkate al\u0131nmad\u0131\u011f\u0131n\u0131 iddia etti.<\/p>\n<p style=\"text-align: justify;\">En son Van depreminde g\u00f6r\u00fcld\u00fc\u011f\u00fc gibi 1881 y\u0131l\u0131ndan beri depremin her 35 y\u0131lda bir ayn\u0131 odak noktas\u0131nda meydana geldi\u011fini anlatan Orhan, &#8220;Van G\u00f6l\u00fc sorunlar\u0131yla ilgili raporlar\u0131m\u0131 ba\u015fta rekt\u00f6rl\u00fck olmak \u00fczere valilik ve belediyeye sundum, ancak kimse dikkate almad\u0131. Son depremden sonra da hala dikkate al\u0131nmad\u0131 ve ders al\u0131nm\u0131yor&#8221; dedi.<\/p>\n<p style=\"text-align: justify;\">\nSundu\u011fu raporun bu kez yeni \u015fehir yap\u0131lanmas\u0131nda dikkate al\u0131nmas\u0131n\u0131 isteyen Dr. Orhan, her deprem sonras\u0131 y\u0131k\u0131m ya\u015fand\u0131\u011f\u0131n\u0131 belirterek, &#8220;\u015eehir e\u011fer yeniden ayn\u0131 noktaya in\u015fa edilirse mal ve can kayb\u0131 olacakt\u0131r.<\/p>\n<p style=\"text-align: justify;\">Her defas\u0131nda ayn\u0131 hatalara d\u00fc\u015fmememiz laz\u0131m. Van \u015fehrinin \u015fu an \u00fczerinde bulundu\u011fu tektonizma s\u00fcrekli hareket halindedir.<\/p>\n<p style=\"text-align: justify;\">Bunun i\u00e7in kurulacak yeni \u015fehir yap\u0131la\u015fmas\u0131nda Edremit il\u00e7esinin arka k\u0131sm\u0131nda bulunan, bizim de Erdem Kent diye adland\u0131rd\u0131\u011f\u0131m\u0131z bo\u015f alana kurulmas\u0131n\u0131 \u00f6neriyoruz.<\/p>\n<p style=\"text-align: justify;\">\u015eehrin buraya ta\u015f\u0131nmas\u0131nda fayda vard\u0131r. Nitekim 1881&#8217;de Van Kalesi civar\u0131ndaki Van kenti yerle bir olmu\u015f, bug\u00fcnk\u00fc Van yukar\u0131 \u00e7\u0131km\u0131\u015ft\u0131r.<\/p>\n<p style=\"text-align: justify;\">Keza 1945 y\u0131l\u0131nda ayn\u0131 \u015fekilde Van&#8217;da yine deprem olmu\u015ftur, mal ve can kayb\u0131 ya\u015fanm\u0131\u015ft\u0131r.<\/p>\n<p style=\"text-align: justify;\">1976&#8217;da \u00c7ald\u0131ran Muradiye ve bu y\u0131l Erci\u015f&#8217;te 7.2 b\u00fcy\u00fckl\u00fc\u011f\u00fcnde bir deprem meydana gelmi\u015f, bir\u00e7ok kay\u0131p verilmi\u015f ve mal kayb\u0131 olmu\u015ftur.<\/p>\n<p style=\"text-align: justify;\">\u015eimdi yine ayn\u0131 b\u00f6lgelerde yap\u0131la\u015fma ve yerle\u015fime izin verilirse bile bile lades olunur&#8221; diye konu\u015ftu.<\/p>\n<p style=\"text-align: justify;\"><strong><em><a href=\"http:\/\/www.gazetevan.com\/VANDAKI-YERLESIM-BOLgESI-DEPREMSELLIK-ACISINDAN-TEHLIKELI---VAN-HABERLERI-43449.html\">http:\/\/www.gazetevan.com\/VANDAKI-YERLESIM-BOLgESI-DEPREMSELLIK-ACISINDAN-TEHLIKELI&#8212;VAN-HABERLERI-43449.html<\/a><\/em><\/strong><\/p>\n","protected":false},"excerpt":{"rendered":"<p>Van Y\u00fcz\u00fcnc\u00fc Y\u0131l \u00dcniversitesi (YY\u00dc) Mimarl\u0131k M\u00fchendislik Fak\u00fcltesi \u0130n\u015faat M\u00fchendisli\u011fi Hidrolik Anabilim Dal\u0131 Ba\u015fkan\u0131 Dr. Ahmet Hamdi Orhan, Van&#8217;\u0131n yerle\u015fim yerinin depremsellik a\u00e7\u0131s\u0131ndan tehlike arz etti\u011fini s\u00f6yledi. VAN&#8217;DAK\u0130 YERLE\u015e\u0130M B\u00d6LGES\u0130 DEPREMSELL\u0130K A\u00c7ISINDAN TEHL\u0130KEL\u0130 YY\u00dc M\u0130MARLIK M\u00dcHEND\u0130SL\u0130K FAK\u00dcLTES\u0130 \u0130N\u015eAAT M\u00dcHEND\u0130SL\u0130\u011e\u0130 H\u0130DROL\u0130K ANAB\u0130L\u0130M DALI BA\u015eKANI DR. AHMET HAMD\u0130 ORHAN: &#8220;VAN&#8217;IN YERLE\u015e\u0130M YER\u0130 S\u00dcREKL\u0130 HAREKET HAL\u0130NDE&#8221; &#8220;YEN\u0130 \u015eEHR\u0130N [&hellip;]<\/p>\n","protected":false},"author":7,"featured_media":10544,"comment_status":"open","ping_status":"open","sticky":false,"template":"","format":"standard","meta":{"footnotes":""},"categories":[22,1],"tags":[],"class_list":["post-10543","post","type-post","status-publish","format-standard","has-post-thumbnail","hentry","category-gunumuzde-bati-ermenistan","category-haberler"],"yoast_head":"<!-- This site is optimized with the Yoast SEO plugin v27.4 - https:\/\/yoast.com\/product\/yoast-seo-wordpress\/ -->\n<title>VAN&#039;DAK\u0130 YERLE\u015e\u0130M B\u00d6LGES\u0130 DEPREMSELL\u0130K A\u00c7ISINDAN TEHL\u0130KEL\u0130  - Bati Ermenistan Ve Bati Ermenileri Sorunlari Ara\u015ftirmalar Merkezi<\/title>\n<meta name=\"robots\" content=\"index, follow, max-snippet:-1, max-image-preview:large, max-video-preview:-1\" \/>\n<link rel=\"canonical\" href=\"https:\/\/akunq.net\/tr\/?p=10543\" \/>\n<meta property=\"og:locale\" content=\"en_US\" \/>\n<meta property=\"og:type\" content=\"article\" \/>\n<meta property=\"og:title\" content=\"VAN&#039;DAK\u0130 YERLE\u015e\u0130M B\u00d6LGES\u0130 DEPREMSELL\u0130K A\u00c7ISINDAN TEHL\u0130KEL\u0130  - Bati Ermenistan Ve Bati Ermenileri Sorunlari Ara\u015ftirmalar Merkezi\" \/>\n<meta property=\"og:description\" content=\"Van Y\u00fcz\u00fcnc\u00fc Y\u0131l \u00dcniversitesi (YY\u00dc) Mimarl\u0131k M\u00fchendislik Fak\u00fcltesi \u0130n\u015faat M\u00fchendisli\u011fi Hidrolik Anabilim Dal\u0131 Ba\u015fkan\u0131 Dr. Ahmet Hamdi Orhan, Van&#8217;\u0131n yerle\u015fim yerinin depremsellik a\u00e7\u0131s\u0131ndan tehlike arz etti\u011fini s\u00f6yledi. VAN&#8217;DAK\u0130 YERLE\u015e\u0130M B\u00d6LGES\u0130 DEPREMSELL\u0130K A\u00c7ISINDAN TEHL\u0130KEL\u0130 YY\u00dc M\u0130MARLIK M\u00dcHEND\u0130SL\u0130K FAK\u00dcLTES\u0130 \u0130N\u015eAAT M\u00dcHEND\u0130SL\u0130\u011e\u0130 H\u0130DROL\u0130K ANAB\u0130L\u0130M DALI BA\u015eKANI DR. AHMET HAMD\u0130 ORHAN: &#8220;VAN&#8217;IN YERLE\u015e\u0130M YER\u0130 S\u00dcREKL\u0130 HAREKET HAL\u0130NDE&#8221; &#8220;YEN\u0130 \u015eEHR\u0130N [&hellip;]\" \/>\n<meta property=\"og:url\" content=\"https:\/\/akunq.net\/tr\/?p=10543\" \/>\n<meta property=\"og:site_name\" content=\"Bati Ermenistan Ve Bati Ermenileri Sorunlari Ara\u015ftirmalar Merkezi\" \/>\n<meta property=\"article:published_time\" content=\"2011-12-13T08:22:47+00:00\" \/>\n<meta property=\"og:image\" content=\"https:\/\/akunq.net\/tr\/wp-content\/uploads\/sites\/6\/2011\/12\/Van.jpg\" \/>\n\t<meta property=\"og:image:width\" content=\"1600\" \/>\n\t<meta property=\"og:image:height\" content=\"1200\" \/>\n\t<meta property=\"og:image:type\" content=\"image\/jpeg\" \/>\n<meta name=\"author\" content=\"admin\" \/>\n<meta name=\"twitter:card\" content=\"summary_large_image\" \/>\n<meta name=\"twitter:label1\" content=\"Written by\" \/>\n\t<meta name=\"twitter:data1\" content=\"admin\" \/>\n\t<meta name=\"twitter:label2\" content=\"Est. reading time\" \/>\n\t<meta name=\"twitter:data2\" content=\"2 minutes\" \/>\n<script type=\"application\/ld+json\" class=\"yoast-schema-graph\">{\"@context\":\"https:\\\/\\\/schema.org\",\"@graph\":[{\"@type\":\"Article\",\"@id\":\"https:\\\/\\\/akunq.net\\\/tr\\\/?p=10543#article\",\"isPartOf\":{\"@id\":\"https:\\\/\\\/akunq.net\\\/tr\\\/?p=10543\"},\"author\":{\"name\":\"admin\",\"@id\":\"https:\\\/\\\/akunq.net\\\/tr\\\/#\\\/schema\\\/person\\\/096f1d38a12cce57fb855b485ed24c9e\"},\"headline\":\"VAN&#8217;DAK\u0130 YERLE\u015e\u0130M B\u00d6LGES\u0130 DEPREMSELL\u0130K A\u00c7ISINDAN TEHL\u0130KEL\u0130\",\"datePublished\":\"2011-12-13T08:22:47+00:00\",\"mainEntityOfPage\":{\"@id\":\"https:\\\/\\\/akunq.net\\\/tr\\\/?p=10543\"},\"wordCount\":506,\"commentCount\":0,\"image\":{\"@id\":\"https:\\\/\\\/akunq.net\\\/tr\\\/?p=10543#primaryimage\"},\"thumbnailUrl\":\"https:\\\/\\\/akunq.net\\\/tr\\\/wp-content\\\/uploads\\\/sites\\\/6\\\/2011\\\/12\\\/Van.jpg\",\"articleSection\":[\"G\u00fcn\u00fcm\u00fczde Bat\u0131 Ermenistan\",\"Haberler\"],\"inLanguage\":\"en-US\",\"potentialAction\":[{\"@type\":\"CommentAction\",\"name\":\"Comment\",\"target\":[\"https:\\\/\\\/akunq.net\\\/tr\\\/?p=10543#respond\"]}]},{\"@type\":\"WebPage\",\"@id\":\"https:\\\/\\\/akunq.net\\\/tr\\\/?p=10543\",\"url\":\"https:\\\/\\\/akunq.net\\\/tr\\\/?p=10543\",\"name\":\"VAN'DAK\u0130 YERLE\u015e\u0130M B\u00d6LGES\u0130 DEPREMSELL\u0130K A\u00c7ISINDAN TEHL\u0130KEL\u0130 - Bati Ermenistan Ve Bati Ermenileri Sorunlari Ara\u015ftirmalar Merkezi\",\"isPartOf\":{\"@id\":\"https:\\\/\\\/akunq.net\\\/tr\\\/#website\"},\"primaryImageOfPage\":{\"@id\":\"https:\\\/\\\/akunq.net\\\/tr\\\/?p=10543#primaryimage\"},\"image\":{\"@id\":\"https:\\\/\\\/akunq.net\\\/tr\\\/?p=10543#primaryimage\"},\"thumbnailUrl\":\"https:\\\/\\\/akunq.net\\\/tr\\\/wp-content\\\/uploads\\\/sites\\\/6\\\/2011\\\/12\\\/Van.jpg\",\"datePublished\":\"2011-12-13T08:22:47+00:00\",\"author\":{\"@id\":\"https:\\\/\\\/akunq.net\\\/tr\\\/#\\\/schema\\\/person\\\/096f1d38a12cce57fb855b485ed24c9e\"},\"breadcrumb\":{\"@id\":\"https:\\\/\\\/akunq.net\\\/tr\\\/?p=10543#breadcrumb\"},\"inLanguage\":\"en-US\",\"potentialAction\":[{\"@type\":\"ReadAction\",\"target\":[\"https:\\\/\\\/akunq.net\\\/tr\\\/?p=10543\"]}]},{\"@type\":\"ImageObject\",\"inLanguage\":\"en-US\",\"@id\":\"https:\\\/\\\/akunq.net\\\/tr\\\/?p=10543#primaryimage\",\"url\":\"https:\\\/\\\/akunq.net\\\/tr\\\/wp-content\\\/uploads\\\/sites\\\/6\\\/2011\\\/12\\\/Van.jpg\",\"contentUrl\":\"https:\\\/\\\/akunq.net\\\/tr\\\/wp-content\\\/uploads\\\/sites\\\/6\\\/2011\\\/12\\\/Van.jpg\",\"width\":\"1600\",\"height\":\"1200\"},{\"@type\":\"BreadcrumbList\",\"@id\":\"https:\\\/\\\/akunq.net\\\/tr\\\/?p=10543#breadcrumb\",\"itemListElement\":[{\"@type\":\"ListItem\",\"position\":1,\"name\":\"Home\",\"item\":\"https:\\\/\\\/akunq.net\\\/tr\"},{\"@type\":\"ListItem\",\"position\":2,\"name\":\"VAN&#8217;DAK\u0130 YERLE\u015e\u0130M B\u00d6LGES\u0130 DEPREMSELL\u0130K A\u00c7ISINDAN TEHL\u0130KEL\u0130\"}]},{\"@type\":\"WebSite\",\"@id\":\"https:\\\/\\\/akunq.net\\\/tr\\\/#website\",\"url\":\"https:\\\/\\\/akunq.net\\\/tr\\\/\",\"name\":\"Bati Ermenistan Ve Bati Ermenileri Sorunlari Ara\u015ftirmalar Merkezi\",\"description\":\"\",\"potentialAction\":[{\"@type\":\"SearchAction\",\"target\":{\"@type\":\"EntryPoint\",\"urlTemplate\":\"https:\\\/\\\/akunq.net\\\/tr\\\/?s={search_term_string}\"},\"query-input\":{\"@type\":\"PropertyValueSpecification\",\"valueRequired\":true,\"valueName\":\"search_term_string\"}}],\"inLanguage\":\"en-US\"},{\"@type\":\"Person\",\"@id\":\"https:\\\/\\\/akunq.net\\\/tr\\\/#\\\/schema\\\/person\\\/096f1d38a12cce57fb855b485ed24c9e\",\"name\":\"admin\",\"url\":\"https:\\\/\\\/akunq.net\\\/tr\\\/?author=7\"}]}<\/script>\n<!-- \/ Yoast SEO plugin. -->","yoast_head_json":{"title":"VAN'DAK\u0130 YERLE\u015e\u0130M B\u00d6LGES\u0130 DEPREMSELL\u0130K A\u00c7ISINDAN TEHL\u0130KEL\u0130  - Bati Ermenistan Ve Bati Ermenileri Sorunlari Ara\u015ftirmalar Merkezi","robots":{"index":"index","follow":"follow","max-snippet":"max-snippet:-1","max-image-preview":"max-image-preview:large","max-video-preview":"max-video-preview:-1"},"canonical":"https:\/\/akunq.net\/tr\/?p=10543","og_locale":"en_US","og_type":"article","og_title":"VAN'DAK\u0130 YERLE\u015e\u0130M B\u00d6LGES\u0130 DEPREMSELL\u0130K A\u00c7ISINDAN TEHL\u0130KEL\u0130  - Bati Ermenistan Ve Bati Ermenileri Sorunlari Ara\u015ftirmalar Merkezi","og_description":"Van Y\u00fcz\u00fcnc\u00fc Y\u0131l \u00dcniversitesi (YY\u00dc) Mimarl\u0131k M\u00fchendislik Fak\u00fcltesi \u0130n\u015faat M\u00fchendisli\u011fi Hidrolik Anabilim Dal\u0131 Ba\u015fkan\u0131 Dr. Ahmet Hamdi Orhan, Van&#8217;\u0131n yerle\u015fim yerinin depremsellik a\u00e7\u0131s\u0131ndan tehlike arz etti\u011fini s\u00f6yledi. VAN&#8217;DAK\u0130 YERLE\u015e\u0130M B\u00d6LGES\u0130 DEPREMSELL\u0130K A\u00c7ISINDAN TEHL\u0130KEL\u0130 YY\u00dc M\u0130MARLIK M\u00dcHEND\u0130SL\u0130K FAK\u00dcLTES\u0130 \u0130N\u015eAAT M\u00dcHEND\u0130SL\u0130\u011e\u0130 H\u0130DROL\u0130K ANAB\u0130L\u0130M DALI BA\u015eKANI DR. AHMET HAMD\u0130 ORHAN: &#8220;VAN&#8217;IN YERLE\u015e\u0130M YER\u0130 S\u00dcREKL\u0130 HAREKET HAL\u0130NDE&#8221; &#8220;YEN\u0130 \u015eEHR\u0130N [&hellip;]","og_url":"https:\/\/akunq.net\/tr\/?p=10543","og_site_name":"Bati Ermenistan Ve Bati Ermenileri Sorunlari Ara\u015ftirmalar Merkezi","article_published_time":"2011-12-13T08:22:47+00:00","og_image":[{"width":1600,"height":1200,"url":"https:\/\/akunq.net\/tr\/wp-content\/uploads\/sites\/6\/2011\/12\/Van.jpg","type":"image\/jpeg"}],"author":"admin","twitter_card":"summary_large_image","twitter_misc":{"Written by":"admin","Est. reading time":"2 minutes"},"schema":{"@context":"https:\/\/schema.org","@graph":[{"@type":"Article","@id":"https:\/\/akunq.net\/tr\/?p=10543#article","isPartOf":{"@id":"https:\/\/akunq.net\/tr\/?p=10543"},"author":{"name":"admin","@id":"https:\/\/akunq.net\/tr\/#\/schema\/person\/096f1d38a12cce57fb855b485ed24c9e"},"headline":"VAN&#8217;DAK\u0130 YERLE\u015e\u0130M B\u00d6LGES\u0130 DEPREMSELL\u0130K A\u00c7ISINDAN TEHL\u0130KEL\u0130","datePublished":"2011-12-13T08:22:47+00:00","mainEntityOfPage":{"@id":"https:\/\/akunq.net\/tr\/?p=10543"},"wordCount":506,"commentCount":0,"image":{"@id":"https:\/\/akunq.net\/tr\/?p=10543#primaryimage"},"thumbnailUrl":"https:\/\/akunq.net\/tr\/wp-content\/uploads\/sites\/6\/2011\/12\/Van.jpg","articleSection":["G\u00fcn\u00fcm\u00fczde Bat\u0131 Ermenistan","Haberler"],"inLanguage":"en-US","potentialAction":[{"@type":"CommentAction","name":"Comment","target":["https:\/\/akunq.net\/tr\/?p=10543#respond"]}]},{"@type":"WebPage","@id":"https:\/\/akunq.net\/tr\/?p=10543","url":"https:\/\/akunq.net\/tr\/?p=10543","name":"VAN'DAK\u0130 YERLE\u015e\u0130M B\u00d6LGES\u0130 DEPREMSELL\u0130K A\u00c7ISINDAN TEHL\u0130KEL\u0130 - Bati Ermenistan Ve Bati Ermenileri Sorunlari Ara\u015ftirmalar Merkezi","isPartOf":{"@id":"https:\/\/akunq.net\/tr\/#website"},"primaryImageOfPage":{"@id":"https:\/\/akunq.net\/tr\/?p=10543#primaryimage"},"image":{"@id":"https:\/\/akunq.net\/tr\/?p=10543#primaryimage"},"thumbnailUrl":"https:\/\/akunq.net\/tr\/wp-content\/uploads\/sites\/6\/2011\/12\/Van.jpg","datePublished":"2011-12-13T08:22:47+00:00","author":{"@id":"https:\/\/akunq.net\/tr\/#\/schema\/person\/096f1d38a12cce57fb855b485ed24c9e"},"breadcrumb":{"@id":"https:\/\/akunq.net\/tr\/?p=10543#breadcrumb"},"inLanguage":"en-US","potentialAction":[{"@type":"ReadAction","target":["https:\/\/akunq.net\/tr\/?p=10543"]}]},{"@type":"ImageObject","inLanguage":"en-US","@id":"https:\/\/akunq.net\/tr\/?p=10543#primaryimage","url":"https:\/\/akunq.net\/tr\/wp-content\/uploads\/sites\/6\/2011\/12\/Van.jpg","contentUrl":"https:\/\/akunq.net\/tr\/wp-content\/uploads\/sites\/6\/2011\/12\/Van.jpg","width":"1600","height":"1200"},{"@type":"BreadcrumbList","@id":"https:\/\/akunq.net\/tr\/?p=10543#breadcrumb","itemListElement":[{"@type":"ListItem","position":1,"name":"Home","item":"https:\/\/akunq.net\/tr"},{"@type":"ListItem","position":2,"name":"VAN&#8217;DAK\u0130 YERLE\u015e\u0130M B\u00d6LGES\u0130 DEPREMSELL\u0130K A\u00c7ISINDAN TEHL\u0130KEL\u0130"}]},{"@type":"WebSite","@id":"https:\/\/akunq.net\/tr\/#website","url":"https:\/\/akunq.net\/tr\/","name":"Bati Ermenistan Ve Bati Ermenileri Sorunlari Ara\u015ftirmalar Merkezi","description":"","potentialAction":[{"@type":"SearchAction","target":{"@type":"EntryPoint","urlTemplate":"https:\/\/akunq.net\/tr\/?s={search_term_string}"},"query-input":{"@type":"PropertyValueSpecification","valueRequired":true,"valueName":"search_term_string"}}],"inLanguage":"en-US"},{"@type":"Person","@id":"https:\/\/akunq.net\/tr\/#\/schema\/person\/096f1d38a12cce57fb855b485ed24c9e","name":"admin","url":"https:\/\/akunq.net\/tr\/?author=7"}]}},"_links":{"self":[{"href":"https:\/\/akunq.net\/tr\/index.php?rest_route=\/wp\/v2\/posts\/10543","targetHints":{"allow":["GET"]}}],"collection":[{"href":"https:\/\/akunq.net\/tr\/index.php?rest_route=\/wp\/v2\/posts"}],"about":[{"href":"https:\/\/akunq.net\/tr\/index.php?rest_route=\/wp\/v2\/types\/post"}],"author":[{"embeddable":true,"href":"https:\/\/akunq.net\/tr\/index.php?rest_route=\/wp\/v2\/users\/7"}],"replies":[{"embeddable":true,"href":"https:\/\/akunq.net\/tr\/index.php?rest_route=%2Fwp%2Fv2%2Fcomments&post=10543"}],"version-history":[{"count":3,"href":"https:\/\/akunq.net\/tr\/index.php?rest_route=\/wp\/v2\/posts\/10543\/revisions"}],"predecessor-version":[{"id":10547,"href":"https:\/\/akunq.net\/tr\/index.php?rest_route=\/wp\/v2\/posts\/10543\/revisions\/10547"}],"wp:featuredmedia":[{"embeddable":true,"href":"https:\/\/akunq.net\/tr\/index.php?rest_route=\/wp\/v2\/media\/10544"}],"wp:attachment":[{"href":"https:\/\/akunq.net\/tr\/index.php?rest_route=%2Fwp%2Fv2%2Fmedia&parent=10543"}],"wp:term":[{"taxonomy":"category","embeddable":true,"href":"https:\/\/akunq.net\/tr\/index.php?rest_route=%2Fwp%2Fv2%2Fcategories&post=10543"},{"taxonomy":"post_tag","embeddable":true,"href":"https:\/\/akunq.net\/tr\/index.php?rest_route=%2Fwp%2Fv2%2Ftags&post=10543"}],"curies":[{"name":"wp","href":"https:\/\/api.w.org\/{rel}","templated":true}]}}